{"id":989,"date":"2011-10-26T17:47:11","date_gmt":"2011-10-26T14:47:11","guid":{"rendered":"http:\/\/blog.ecift.com\/?p=989"},"modified":"2021-07-28T17:15:41","modified_gmt":"2021-07-28T14:15:41","slug":"modern-nostalji","status":"publish","type":"post","link":"https:\/\/blog.ecift.com\/index.php\/2011\/10\/26\/modern-nostalji\/","title":{"rendered":"Modern Nostalji"},"content":{"rendered":"<p>&nbsp;<\/p>\n<p>Antika bisikletleri d\u00fc\u015f\u00fcn\u00fcnce sizin de akl\u0131n\u0131za \u015f\u00f6yle bir tablo geliyor mu?<\/p>\n<p>1920li &#8211; 30lu y\u0131llardan kalma siyah-beyaz bir foto\u011fraf misali;<\/p>\n<blockquote><p>G\u00fcne\u015fli bir g\u00fcn ve uzun elbise giymi\u015f bir kad\u0131n, \u00a0ba\u015f\u0131nda geni\u015f \u015fapkas\u0131, bisikletin \u00f6n demirine oturmu\u015f yak\u0131\u015fl\u0131kl\u0131 bir erkek taraf\u0131ndan ta\u015f\u0131n\u0131yor.<br \/>\nFonda yemye\u015fil oldu\u011funu tahmin etti\u011fimiz a\u011fa\u00e7l\u0131 bir yol. Ku\u015flar, \u00e7i\u00e7ekler&#8230; Hayat pek g\u00fczel.<\/p><\/blockquote>\n<p style=\"text-align: left;\">Tam olarak hayallerimizdeki gibi olmasa da ara\u015ft\u0131rmalar\u0131m\u0131z s\u0131ras\u0131nda benzer bir foto\u011frafla kar\u015f\u0131la\u015ft\u0131k. Bir de nostaljik hisler uyand\u0131ran \u00f6yle bir tasar\u0131m bulduk ki tam yukar\u0131da anlatm\u0131\u015f oldu\u011fumuz tabloyu \u00e7a\u011fr\u0131\u015ft\u0131rd\u0131. Bakal\u0131m, size de \u00f6yle gelecek mi.<\/p>\n<p>&nbsp;<\/p>\n<p style=\"text-align: center;\"><img loading=\"lazy\" decoding=\"async\" class=\"aligncenter size-full wp-image-992\" title=\"Derringer cycle\" src=\"http:\/\/blog.ecift.com\/wp-content\/uploads\/2011\/10\/derringercycle.png\" alt=\"\" width=\"625\" height=\"209\" srcset=\"https:\/\/blog.ecift.com\/wp-content\/uploads\/2011\/10\/derringercycle.png 781w, https:\/\/blog.ecift.com\/wp-content\/uploads\/2011\/10\/derringercycle-300x100.png 300w\" sizes=\"auto, (max-width: 625px) 100vw, 625px\" \/><\/p>\n<p><!--more--><\/p>\n<p>&nbsp;<\/p>\n<p>Mevzubahis, yeni antika (motor)bisiklet <a title=\"Derrinder - Anasayfa\" href=\"http:\/\/derringercycles.com\/\" target=\"_blank\" rel=\"noopener noreferrer\">Derringer<\/a>. \u0130smini bir cep tabancas\u0131ndan alan bisikletler, 1920lerin motorsikletleri ile g\u00fcn\u00fcm\u00fcz\u00fcn bisikletlerinin bir kar\u0131\u015f\u0131m\u0131 gibi adeta. Hem pedal \u00e7evirerek hem de motorunu kullanarak yol almak m\u00fcmk\u00fcn. \u00a0Burada, ufak bir parantez a\u00e7mak gerekiyor. Motor dedi\u011fimiz, litre ba\u015f\u0131na 64 kilometrelik yol yapabiliyor. Yani \u00c7OK EKONOM\u0130K!<\/p>\n<p>Motorsiklet ehliyeti olmadan ve zorunlu sigorta yapt\u0131rmadan kullanabilece\u011finiz bu zat-\u0131 \u015fahanelerin tasar\u0131mc\u0131s\u0131 Adrian Van Anz. Bisikletlerin herbiri elle haz\u0131rlanan deri <a title=\"Brooks - Anasayfa\" href=\"http:\/\/www.brookssaddles.com\/\" target=\"_blank\" rel=\"noopener noreferrer\">Brooks<\/a> selelere sahip ve de 250 \u00f6zel renk se\u00e7ene\u011fi bulunuyor. K\u0131saca, g\u00f6nl\u00fcn\u00fcze g\u00f6re bir tane bulaca\u011f\u0131n\u0131z kesin.<\/p>\n<p>Yap\u0131m\u0131 bir ay s\u00fcren motorlu bisiklete 3500$ \u00f6deyerek sahip olabiliyorsunuz. Belki de torunlar\u0131m\u0131z ileride eski dedi\u011finde sizin Derringer bisikletinizle \u00e7ektirdi\u011finiz bir foto\u011fraf\u0131 canland\u0131racak zihinlerinde.<\/p>\n<p>&nbsp;<\/p>\n<p><img loading=\"lazy\" decoding=\"async\" class=\"aligncenter size-full wp-image-995\" title=\"Derringer Cycles\" src=\"http:\/\/blog.ecift.com\/wp-content\/uploads\/2011\/10\/derringer.png\" alt=\"\" width=\"729\" height=\"333\" srcset=\"https:\/\/blog.ecift.com\/wp-content\/uploads\/2011\/10\/derringer.png 729w, https:\/\/blog.ecift.com\/wp-content\/uploads\/2011\/10\/derringer-300x137.png 300w\" sizes=\"auto, (max-width: 729px) 100vw, 729px\" \/><\/p>\n<p>&nbsp;<\/p>\n<p>&nbsp;<\/p>\n<p>Ayr\u0131ca, siyah beyaz foto\u011fraf\u0131 54,90\u20ac kar\u015f\u0131l\u0131\u011f\u0131nda sat\u0131n <a title=\"Art.com - poster\" href=\"http:\/\/eu.art.com\/products\/p361548368-sa-i2337540\/posters.htm\" target=\"_blank\" rel=\"noopener noreferrer\">alabilirsiniz<\/a>.<\/p>\n<p>&nbsp;<\/p>\n","protected":false},"excerpt":{"rendered":"<p>&nbsp; Antika bisikletleri d\u00fc\u015f\u00fcn\u00fcnce sizin de akl\u0131n\u0131za \u015f\u00f6yle bir tablo geliyor mu? 1920li &#8211; 30lu y\u0131llardan kalma siyah-beyaz bir foto\u011fraf misali; G\u00fcne\u015fli bir g\u00fcn ve uzun elbise giymi\u015f bir kad\u0131n, \u00a0ba\u015f\u0131nda geni\u015f \u015fapkas\u0131, bisikletin \u00f6n demirine oturmu\u015f yak\u0131\u015fl\u0131kl\u0131 bir erkek taraf\u0131ndan ta\u015f\u0131n\u0131yor. Fonda yemye\u015fil oldu\u011funu tahmin etti\u011fimiz a\u011fa\u00e7l\u0131 bir yol. Ku\u015flar, \u00e7i\u00e7ekler&#8230; Hayat pek g\u00fczel. [&hellip;]<\/p>\n","protected":false},"author":1,"featured_media":1085,"comment_status":"closed","ping_status":"closed","sticky":false,"template":"","format":"standard","meta":{"footnotes":""},"categories":[5],"tags":[116,984,22,117,293,118,193,100,99,119],"class_list":["post-989","post","type-post","status-publish","format-standard","has-post-thumbnail","hentry","category-ruh","tag-antika","tag-arkadaslik-sitesi","tag-ask","tag-bisiklet","tag-ciddi-iliski","tag-derringer","tag-ecift","tag-erkek","tag-kadin","tag-vintage"],"aioseo_notices":[],"_links":{"self":[{"href":"https:\/\/blog.ecift.com\/index.php\/wp-json\/wp\/v2\/posts\/989","targetHints":{"allow":["GET"]}}],"collection":[{"href":"https:\/\/blog.ecift.com\/index.php\/wp-json\/wp\/v2\/posts"}],"about":[{"href":"https:\/\/blog.ecift.com\/index.php\/wp-json\/wp\/v2\/types\/post"}],"author":[{"embeddable":true,"href":"https:\/\/blog.ecift.com\/index.php\/wp-json\/wp\/v2\/users\/1"}],"replies":[{"embeddable":true,"href":"https:\/\/blog.ecift.com\/index.php\/wp-json\/wp\/v2\/comments?post=989"}],"version-history":[{"count":26,"href":"https:\/\/blog.ecift.com\/index.php\/wp-json\/wp\/v2\/posts\/989\/revisions"}],"predecessor-version":[{"id":11826,"href":"https:\/\/blog.ecift.com\/index.php\/wp-json\/wp\/v2\/posts\/989\/revisions\/11826"}],"wp:featuredmedia":[{"embeddable":true,"href":"https:\/\/blog.ecift.com\/index.php\/wp-json\/wp\/v2\/media\/1085"}],"wp:attachment":[{"href":"https:\/\/blog.ecift.com\/index.php\/wp-json\/wp\/v2\/media?parent=989"}],"wp:term":[{"taxonomy":"category","embeddable":true,"href":"https:\/\/blog.ecift.com\/index.php\/wp-json\/wp\/v2\/categories?post=989"},{"taxonomy":"post_tag","embeddable":true,"href":"https:\/\/blog.ecift.com\/index.php\/wp-json\/wp\/v2\/tags?post=989"}],"curies":[{"name":"wp","href":"https:\/\/api.w.org\/{rel}","templated":true}]}}