{"id":9784,"date":"2018-03-06T09:20:28","date_gmt":"2018-03-06T07:20:28","guid":{"rendered":"http:\/\/blog.ecift.com\/?p=9784"},"modified":"2021-07-28T17:13:49","modified_gmt":"2021-07-28T14:13:49","slug":"ask-sonsuz-ve-bir-gun","status":"publish","type":"post","link":"https:\/\/blog.ecift.com\/index.php\/2018\/03\/06\/ask-sonsuz-ve-bir-gun\/","title":{"rendered":"A\u015fk: Sonsuz ve Bir G\u00fcn"},"content":{"rendered":"<p>Mustafa Kemal Atat\u00fcrk\u2019\u00fc hep hayat\u0131 boyunca cepheden cepheye ko\u015fmu\u015f, \u00fclkeyi kurtarmakla bir \u00f6m\u00fcr ge\u00e7irmi\u015f bir insan olarak zihnimizde tahayy\u00fcl ederiz. O da herkes gibi \u00e2\u015f\u0131k oldu, sevdi, sevildi. Bug\u00fcn size onun sevmi\u015f ve sevilmi\u015f bir yan\u0131n\u0131 anlatmak istedik. Manast\u0131rl\u0131 Eleni Karinte ile ya\u015fad\u0131\u011f\u0131 ve kavu\u015famad\u0131\u011f\u0131 a\u015fk\u0131.<\/p>\n<p>Mustafa Kemal, Manast\u0131r Askeri \u0130dadisi\u2019nde okumak i\u00e7in gitti\u011fi \u015fehirde Eleni isimli bir Rum k\u0131z\u0131n\u0131 sever. Bug\u00fcnk\u00fc ismi Bitola olan \u015fehirde, Eleni\u2019nin evi Mustafa Kemal\u2019in okuluna birka\u00e7 dakikal\u0131k uzaktad\u0131r. Bir kez balkondan g\u00f6rd\u00fc\u011f\u00fc Mustafa Kemal\u2019e tutulan Eleni, nereden bilecekti Balkanlar\u2019\u0131n Romeo ve Juliet\u2019i olaca\u011f\u0131n\u0131. Efsane mi ger\u00e7ek mi oldu\u011fu bilinmez ama onlar\u0131n hik\u00e2yesi \u015fu \u015fekilde anlat\u0131l\u0131yor.<\/p>\n<p>\u201c1896 y\u0131l\u0131nda Gen\u00e7 Harbiyeli Mustafa askeri lisesinde okumak i\u00e7in Selanik\u2019ten Manast\u0131r\u2019a geliyor. Genellikle \u015eirok Sokak\u2019ta geziniyormu\u015f, 1897 y\u0131l\u0131nda Paskalya \u00f6ncesi \u00f6\u011fleden sonra, zengin t\u00fcccar Eftim Karinte\u2019nin evinin balkonunda g\u00fczel Eleni\u2019yi fark ediyor. S\u00f6z konusu ev bug\u00fcn de soka\u011f\u0131n k\u00f6\u015fesinde, Epinal Otel\u2019in kar\u015f\u0131s\u0131nda bulunmaktad\u0131r. Eleni de kay\u0131ts\u0131z kalm\u0131yor, balkondan gizlice, mavi g\u00f6zl\u00fc, g\u00fczel g\u00f6r\u00fcn\u00fc\u015fl\u00fc, uzun boylu Atat\u00fcrk\u2019e bak\u0131\u015flar at\u0131yormu\u015f. B\u00f6ylece Atat\u00fcrk her g\u00fcn evin \u00f6n\u00fcnden ge\u00e7iyormu\u015f, Eleni ise onu balkonda bekliyorumu\u015f. Aralar\u0131nda g\u00fc\u00e7l\u00fc ama yasak a\u015fk do\u011fmu\u015f. Eleni Atat\u00fcrk\u2019le \u00e7\u0131kabilmek i\u00e7in evdeki bodrumlardan ka\u00e7\u0131yormu\u015f. Manast\u0131r\u2019dan birlikte ka\u00e7m\u0131\u015flar, ancak Eleni\u2019ni babas\u0131 onlar\u0131 yakalam\u0131\u015f, k\u0131z\u0131 eve kapatm\u0131\u015f, ard\u0131ndan Florina\u2019da ev al\u0131p oraya yerle\u015fmi\u015f. Eleni\u2019yi oraya zorla g\u00f6t\u00fcrerek bir adamla evlendirmek istemi\u015f.\u201d<\/p>\n<p>Birbirine kavu\u015famayan gen\u00e7ler bamba\u015fka hayatlara savrulmu\u015f. Hik\u00e2yenin en \u00e7arp\u0131c\u0131 k\u0131sm\u0131 bug\u00fcn Manast\u0131r Askeri M\u00fczesi\u2019nde de sergilenen Eleni\u2019nin mektubu. Asl\u0131na bakarsan\u0131z biz kalpleri buran bu mektup i\u00e7in haz\u0131rlad\u0131k biraz da bu yaz\u0131y\u0131. \u0130\u015fte o mektup;<\/p>\n<p>\u201d\u00c7ok seneler ge\u00e7ti, ben halen her g\u00fcn senden haber bekliyorum. Herhangi bir zamanda mektubumu al\u0131rsan, beni hat\u0131rla. K\u00e2\u011f\u0131ttaki g\u00f6zya\u015flar\u0131m\u0131 g\u00f6rebileceksin. Y\u0131llar ve olaylar ge\u00e7iyor, seninle ilgili \u00e7ok \u015feyler konu\u015fuluyor. Mektubumu okurken, ba\u015fka kad\u0131n\u0131 seviyorsan, mektubumu y\u0131rt ve ona sor:<\/p>\n<p>Manast\u0131rl\u0131 Eleni Karinte ad\u0131nda birinin, bir g\u00fcnl\u00fck tan\u0131d\u0131\u011f\u0131 ve \u00e2\u015f\u0131k oldu\u011fu adama b\u00fct\u00fcn \u00f6mr\u00fcn\u00fc harcam\u0131\u015f oldu\u011funa inan\u0131yor mu? Benim seni sevdi\u011fim kadar, o kad\u0131n\u0131 o kadar \u00e7ok seviyorsan, kendisine hi\u00e7bir \u015fey s\u00f6yleme. Senin kadar mutlu olmas\u0131n\u0131 diliyorum.<\/p>\n<p>Fakat balkondaki k\u0131z\u0131 hat\u0131rl\u0131yorsan ve ba\u015fkas\u0131n\u0131 sevmiyorsan, seni bekledi\u011fimi ve \u00f6mr\u00fcm boyunca bekleyece\u011fimi bilmeni istiyorum. D\u00f6nece\u011fini, beni unutmayaca\u011f\u0131n\u0131 biliyorum. Babam vefat etti.<\/p>\n<p>Beni senden ay\u0131rd\u0131\u011f\u0131ndan tam bir y\u0131l ge\u00e7ti, beni eve kapatt\u0131 ve bir ay \u00e7\u0131kmama izin vermedi. A\u011fl\u0131yordum. Biliyordum, t\u00fcm kilitleri ve hapisleri bo\u015funayd\u0131. Beni evlendirecek adam\u0131 sadece bir kez g\u00f6rd\u00fcm ve kendisi bana onu sevebilece\u011fimi s\u00f6yledi. Ben kendisine, \u2018Hay\u0131r, ben sadece ilk a\u015fk\u0131m\u0131 seviyorum\u2019 dedim. Bir daha da g\u00f6rmedim. Babam beni hi\u00e7bir zaman affetmedi, ben de kendisini. \u00d6lmeden birka\u00e7 g\u00fcn \u00f6nce yan\u0131na \u00e7a\u011f\u0131rd\u0131\u011f\u0131nda, \u2018Eleni, biliyorum yanl\u0131\u015f yapt\u0131m, hi\u00e7bir zaman iyi bir baba olamad\u0131m\u2019 dedi. \u2018Affetmeni istemiyorum, sen de isteme benden, Allah ikimizi affetsin. Senin i\u00e7in en iyisini isterken en k\u00f6t\u00fcs\u00fcn\u00fc yapt\u0131m\u2019 dedi. Babam k\u00f6t\u00fc bir adam de\u011fildi. O zamanlardaki gibi art\u0131k gen\u00e7 ve g\u00fczel de\u011filim. B\u00fct\u00fcn hayat\u0131m bir g\u00fcn i\u00e7inde. Ebediyen seni seven ve seni bekleyen Eleni Karinten.\u201d<\/p>\n<p>\u0130\u015fte hik\u00e2ye burada son buluyor.\u00a0 Theodoros Angelopulos bir filminin ismi gibi. Sonsuzluk ve bir g\u00fcn. A\u015fk sonsuz ve bir g\u00fcn olabiliyor bazen. O y\u00fczden a\u015fk\u0131 bir g\u00fcn dahi bile ka\u00e7\u0131rmay\u0131n art\u0131k.<\/p>\n<p>Onu gerekirse aramaya \u00e7\u0131k\u0131n.<\/p>\n","protected":false},"excerpt":{"rendered":"<p>Mustafa Kemal Atat\u00fcrk\u2019\u00fc hep hayat\u0131 boyunca cepheden cepheye ko\u015fmu\u015f, \u00fclkeyi kurtarmakla bir \u00f6m\u00fcr ge\u00e7irmi\u015f bir insan olarak zihnimizde tahayy\u00fcl ederiz. O da herkes gibi \u00e2\u015f\u0131k oldu, sevdi, sevildi. Bug\u00fcn size onun sevmi\u015f ve sevilmi\u015f bir yan\u0131n\u0131 anlatmak istedik. Manast\u0131rl\u0131 Eleni Karinte ile ya\u015fad\u0131\u011f\u0131 ve kavu\u015famad\u0131\u011f\u0131 a\u015fk\u0131. Mustafa Kemal, Manast\u0131r Askeri \u0130dadisi\u2019nde okumak i\u00e7in gitti\u011fi \u015fehirde [&hellip;]<\/p>\n","protected":false},"author":1,"featured_media":9785,"comment_status":"closed","ping_status":"closed","sticky":false,"template":"","format":"standard","meta":{"footnotes":""},"categories":[1],"tags":[22,1827,2392,2391,2390,2393],"class_list":["post-9784","post","type-post","status-publish","format-standard","has-post-thumbnail","hentry","category-ask","tag-ask","tag-ask-mektubu","tag-bitola","tag-eleni-karinte","tag-kemal-ataturk","tag-manastir"],"aioseo_notices":[],"_links":{"self":[{"href":"https:\/\/blog.ecift.com\/index.php\/wp-json\/wp\/v2\/posts\/9784","targetHints":{"allow":["GET"]}}],"collection":[{"href":"https:\/\/blog.ecift.com\/index.php\/wp-json\/wp\/v2\/posts"}],"about":[{"href":"https:\/\/blog.ecift.com\/index.php\/wp-json\/wp\/v2\/types\/post"}],"author":[{"embeddable":true,"href":"https:\/\/blog.ecift.com\/index.php\/wp-json\/wp\/v2\/users\/1"}],"replies":[{"embeddable":true,"href":"https:\/\/blog.ecift.com\/index.php\/wp-json\/wp\/v2\/comments?post=9784"}],"version-history":[{"count":1,"href":"https:\/\/blog.ecift.com\/index.php\/wp-json\/wp\/v2\/posts\/9784\/revisions"}],"predecessor-version":[{"id":9786,"href":"https:\/\/blog.ecift.com\/index.php\/wp-json\/wp\/v2\/posts\/9784\/revisions\/9786"}],"wp:featuredmedia":[{"embeddable":true,"href":"https:\/\/blog.ecift.com\/index.php\/wp-json\/wp\/v2\/media\/9785"}],"wp:attachment":[{"href":"https:\/\/blog.ecift.com\/index.php\/wp-json\/wp\/v2\/media?parent=9784"}],"wp:term":[{"taxonomy":"category","embeddable":true,"href":"https:\/\/blog.ecift.com\/index.php\/wp-json\/wp\/v2\/categories?post=9784"},{"taxonomy":"post_tag","embeddable":true,"href":"https:\/\/blog.ecift.com\/index.php\/wp-json\/wp\/v2\/tags?post=9784"}],"curies":[{"name":"wp","href":"https:\/\/api.w.org\/{rel}","templated":true}]}}