{"id":7118,"date":"2014-11-02T19:47:28","date_gmt":"2014-11-02T17:47:28","guid":{"rendered":"http:\/\/blog.ecift.com\/?p=7118"},"modified":"2024-05-24T13:46:47","modified_gmt":"2024-05-24T10:46:47","slug":"kirik-kalpler-muzesini-gordunuz-mu","status":"publish","type":"post","link":"https:\/\/blog.ecift.com\/index.php\/2014\/11\/02\/kirik-kalpler-muzesini-gordunuz-mu\/","title":{"rendered":"K\u0131r\u0131k Kalpler M\u00fczesi&#8217;ni g\u00f6rd\u00fcn\u00fcz m\u00fc?"},"content":{"rendered":"<p><img loading=\"lazy\" decoding=\"async\" class=\"aligncenter size-full wp-image-7119\" title=\"exhibits_5\" src=\"http:\/\/blog.ecift.com\/wp-content\/uploads\/2014\/11\/exhibits_5.jpg\" alt=\"\" width=\"800\" height=\"533\" srcset=\"https:\/\/blog.ecift.com\/wp-content\/uploads\/2014\/11\/exhibits_5.jpg 800w, https:\/\/blog.ecift.com\/wp-content\/uploads\/2014\/11\/exhibits_5-300x199.jpg 300w\" sizes=\"auto, (max-width: 800px) 100vw, 800px\" \/><\/p>\n<p>Hepimiz tarih, sanat, do\u011fa ve bilim m\u00fczelerine al\u0131\u015fk\u0131n\u0131z. Ancak \u015fimdi size bamba\u015fka bir m\u00fczeden bahsetmek istiyoruz; K\u0131r\u0131k Kalpler M\u00fczesi\u2026<\/p>\n<p><!--more--><\/p>\n<p>K\u0131r\u0131k Kalpler M\u00fczesi H\u0131rvatistan&#8217;\u0131n ba\u015fkenti Zagrep&#8217;te kurulan, ismiyle m\u00fcsemma bir m\u00fcze. M\u00fczende al\u0131\u015f\u0131lm\u0131\u015f\u0131n d\u0131\u015f\u0131nda eski ili\u015fkilerden geriye kalm\u0131\u015f par\u00e7alar\u0131n sergileniyor. \u0130lgin\u00e7 de\u011fil mi? M\u00fcze, yar\u0131da kalm\u0131\u015f a\u015fk ili\u015fkilerine adanm\u0131\u015f&#8230; Sergilenen e\u015fyalar, yanlar\u0131nda k\u0131sa a\u00e7\u0131klamalar\u0131yla birlikte eski \u00e2\u015f\u0131klar\u0131n ba\u011f\u0131\u015flad\u0131\u011f\u0131 ki\u015fisel nesnelerden olu\u015fuyor.<\/p>\n<p>\u00d6nceleri bir sanat projesi olarak ba\u015flayan K\u0131r\u0131k Kalpler M\u00fczesi, Zagrebli iki sanat\u00e7\u0131 taraf\u0131ndan kurulmu\u015f. Film yap\u0131mc\u0131s\u0131 olan Olinka Vi\u0161tica ile heykelt\u0131ra\u015f olan Dra\u017een Grubi\u0161i\u0107, d\u00f6rt y\u0131l s\u00fcren a\u015fk ili\u015fkilerini 2003 y\u0131l\u0131nda sonland\u0131rma karar\u0131 al\u0131rlar. \u0130kili, ayr\u0131l\u0131rken, geride kalan ki\u015fisel e\u015fyalardan bir m\u00fcze kurmak fikri ile yola \u00e7\u0131km\u0131\u015f. \u0130kili \u00f6nce kendileri ili\u015fkilerine ait hat\u0131ra niteli\u011fi ta\u015f\u0131yan objeleri bir araya getirmi\u015fler. Daha sonra da yak\u0131n arkada\u015flar\u0131n\u0131n biten ili\u015fkilerinden arda kalanlar\u0131 toplam\u0131\u015flar. Bu \u015fekilde koleksiyonlar\u0131n\u0131 olu\u015fturmaya ba\u015flam\u0131\u015flar. Olu\u015fturduklar\u0131 koleksiyonu d\u00fcnyan\u0131n d\u00f6rt bir yan\u0131nda sergileyen sanat\u00e7\u0131lar m\u00fczeye ba\u011f\u0131\u015f yapanlarla birlikte ellerinde ciddi bir birikim olu\u015fturmu\u015f.<\/p>\n<p>M\u00fczeye bug\u00fcne kadar ba\u011f\u0131\u015flananlar aras\u0131nda yok yok. A\u015fk mektuplar\u0131, oyuncak ay\u0131lar, foto\u011fraflar, i\u00e7 \u00e7ama\u015f\u0131rlar\u0131, bir sava\u015f gazisinin protez baca\u011f\u0131, gelinlikler, ta\u015flar&#8230; Eski sevgiliden kalan bir mobilyay\u0131 par\u00e7alamakta kullan\u0131lan bir balta bile var.<\/p>\n<p>Proje, 2011 y\u0131l\u0131nda s\u00fcrekli sergi niteli\u011fi ta\u015f\u0131yan daimi bir yere kavu\u015fmu\u015f ve K\u0131r\u0131k Kalpler M\u00fczesi ad\u0131n\u0131 alm\u0131\u015f. Sergilenen objelerin ilgin\u00e7li\u011fi ve \u00f6zg\u00fcnl\u00fc\u011f\u00fc nedeniyle, m\u00fczeyi ziyaret edenlerin say\u0131s\u0131 g\u00fcn be g\u00fcn artm\u0131\u015f. Kim bilir belki bir g\u00fcn siz de ziyaret etmek istersiniz?<\/p>\n<p>Dilerseniz i\u0130nternet\u00fczerinden m\u00fczeyi gezebilir, hatta ba\u011f\u0131\u015fta bulunabilirsiniz. Bunun i\u00e7in \u00fcye olmak yeterli. \u0130nternet adresi, www.brokenships.com Ba\u011f\u0131\u015flay\u0131n, ac\u0131 veren hat\u0131ralar\u0131n\u0131zdan kurtulun.<\/p>\n<p>\u0130lgin\u00e7 de\u011fil mi?<\/p>\n","protected":false},"excerpt":{"rendered":"<p>Hepimiz tarih, sanat, do\u011fa ve bilim m\u00fczelerine al\u0131\u015fk\u0131n\u0131z. Ancak \u015fimdi size bamba\u015fka bir m\u00fczeden bahsetmek istiyoruz; K\u0131r\u0131k Kalpler M\u00fczesi\u2026<\/p>\n","protected":false},"author":1,"featured_media":7119,"comment_status":"closed","ping_status":"closed","sticky":false,"template":"","format":"standard","meta":{"footnotes":""},"categories":[1],"tags":[566,737,567,68,135],"class_list":["post-7118","post","type-post","status-publish","format-standard","has-post-thumbnail","hentry","category-ask","tag-ayrilik","tag-ayrilik-acisi","tag-ayrilik-donemi","tag-iliskiler","tag-tasarim"],"aioseo_notices":[],"_links":{"self":[{"href":"https:\/\/blog.ecift.com\/index.php\/wp-json\/wp\/v2\/posts\/7118","targetHints":{"allow":["GET"]}}],"collection":[{"href":"https:\/\/blog.ecift.com\/index.php\/wp-json\/wp\/v2\/posts"}],"about":[{"href":"https:\/\/blog.ecift.com\/index.php\/wp-json\/wp\/v2\/types\/post"}],"author":[{"embeddable":true,"href":"https:\/\/blog.ecift.com\/index.php\/wp-json\/wp\/v2\/users\/1"}],"replies":[{"embeddable":true,"href":"https:\/\/blog.ecift.com\/index.php\/wp-json\/wp\/v2\/comments?post=7118"}],"version-history":[{"count":4,"href":"https:\/\/blog.ecift.com\/index.php\/wp-json\/wp\/v2\/posts\/7118\/revisions"}],"predecessor-version":[{"id":7122,"href":"https:\/\/blog.ecift.com\/index.php\/wp-json\/wp\/v2\/posts\/7118\/revisions\/7122"}],"wp:featuredmedia":[{"embeddable":true,"href":"https:\/\/blog.ecift.com\/index.php\/wp-json\/wp\/v2\/media\/7119"}],"wp:attachment":[{"href":"https:\/\/blog.ecift.com\/index.php\/wp-json\/wp\/v2\/media?parent=7118"}],"wp:term":[{"taxonomy":"category","embeddable":true,"href":"https:\/\/blog.ecift.com\/index.php\/wp-json\/wp\/v2\/categories?post=7118"},{"taxonomy":"post_tag","embeddable":true,"href":"https:\/\/blog.ecift.com\/index.php\/wp-json\/wp\/v2\/tags?post=7118"}],"curies":[{"name":"wp","href":"https:\/\/api.w.org\/{rel}","templated":true}]}}