{"id":6732,"date":"2014-06-10T10:39:41","date_gmt":"2014-06-10T07:39:41","guid":{"rendered":"http:\/\/blog.ecift.com\/?p=6732"},"modified":"2021-07-28T17:14:36","modified_gmt":"2021-07-28T14:14:36","slug":"paris","status":"publish","type":"post","link":"https:\/\/blog.ecift.com\/index.php\/2014\/06\/10\/paris\/","title":{"rendered":"Paris K\u00f6pr\u00fclerini \u00c7\u00f6kerten A\u015f\u0131klar"},"content":{"rendered":"<p>&nbsp;<\/p>\n<p><img loading=\"lazy\" decoding=\"async\" class=\"aligncenter size-full wp-image-6736\" title=\"pont_des_arts\" src=\"http:\/\/blog.ecift.com\/wp-content\/uploads\/2014\/06\/pont_des_arts.jpg\" alt=\"\" width=\"640\" height=\"400\" srcset=\"https:\/\/blog.ecift.com\/wp-content\/uploads\/2014\/06\/pont_des_arts.jpg 640w, https:\/\/blog.ecift.com\/wp-content\/uploads\/2014\/06\/pont_des_arts-300x187.jpg 300w\" sizes=\"auto, (max-width: 640px) 100vw, 640px\" \/><\/p>\n<p>&nbsp;<\/p>\n<p>A\u015f\u0131klar \u015fehri, Paris&#8230; Her k\u00f6\u015fesi farkl\u0131 bir hikayeye tan\u0131k olmu\u015f, romantik tatillerin ba\u015fkenti&#8230;<\/p>\n<p><!--more--><\/p>\n<p>Bu kente gelen \u00e7iftlerin izledi\u011fi baz\u0131 ritueller var. Eiffel Kulesi \u00f6n\u00fcnde bir foto\u011fraf, ye\u015fil parklar\u0131nda el ele gezintiler, frans\u0131z \u015farab\u0131 e\u015fli\u011finde ba\u015fba\u015fa bir ak\u015fam yeme\u011fi gibi liste uzad\u0131k\u00e7a uzuyor. Bir de Avrupa&#8217;n\u0131n \u00e7e\u015fitli kentlerine de yay\u0131lm\u0131\u015f, k\u00f6pr\u00fc korkuluklar\u0131na asma kilit as\u0131p anahtar\u0131n\u0131 nehre atma.. A\u015fklar\u0131n\u0131n ebedi olmas\u0131n\u0131 dileyen \u00e7iftler, \u00fczerlerine ba\u015f harflarini ya da isimlerini yazd\u0131klar\u0131 asma kilitlerle k\u00f6pr\u00fclere yeni bir \u00e7ehre kazand\u0131r\u0131yor.<\/p>\n<p>&nbsp;<\/p>\n<p><img loading=\"lazy\" decoding=\"async\" class=\"aligncenter size-full wp-image-6735\" title=\"Pont des Arts\" src=\"http:\/\/blog.ecift.com\/wp-content\/uploads\/2014\/06\/article-2652684-1E997E4F00000578-945_634x430.jpg\" alt=\"\" width=\"634\" height=\"430\" srcset=\"https:\/\/blog.ecift.com\/wp-content\/uploads\/2014\/06\/article-2652684-1E997E4F00000578-945_634x430.jpg 634w, https:\/\/blog.ecift.com\/wp-content\/uploads\/2014\/06\/article-2652684-1E997E4F00000578-945_634x430-300x203.jpg 300w\" sizes=\"auto, (max-width: 634px) 100vw, 634px\" \/><br \/>\n&nbsp;<\/p>\n<p>Ancak, bu i\u015fin romantik oldu\u011fu kadar tehlikeli olan bir boyutu da var. Binlerce kilidin a\u011f\u0131rl\u0131\u011f\u0131 kar\u015f\u0131s\u0131nda \u00a0dayanamayan k\u00f6pr\u00fc demirleri, \u00e7\u00f6kme tehlikesiyle kar\u015f\u0131 kar\u015f\u0131ya. Yetkililerin d\u00f6nem d\u00f6nem uyar\u0131p periyodik olarak temizlemeye \u00e7al\u0131\u015ft\u0131\u011f\u0131 kilitler, Paris&#8217;in me\u015fhur Pont des Arts k\u00f6pr\u00fcs\u00fcnde yetersiz kald\u0131. 2 g\u00fcn \u00f6nce kapat\u0131l\u0131p korkulu\u011fun \u00e7\u00f6ken k\u0131sm\u0131n\u0131 tamir eden yetkililer ve romantik rit\u00fceli savunanlar aras\u0131nda g\u00f6r\u00fc\u015f ayr\u0131l\u0131\u011f\u0131 hen\u00fcz ortak bir \u00e7\u00f6z\u00fcmde bulu\u015fmad\u0131.Benzer bir tehditle kar\u015f\u0131 kar\u015f\u0131ya olan Venedik k\u00f6pr\u00fclerinde de ayn\u0131 durum s\u00f6z konusu.<\/p>\n<p>Bu rit\u00fcele kat\u0131lmak isterseniz, siz gene de \u00e7ok ertelemeye \u00e7al\u0131\u015f\u0131n deriz.<\/p>\n<p>&nbsp;<br \/>\n&nbsp;<br \/>\n<em><strong>Benzer Yaz\u0131lar:<\/strong><\/em><\/p>\n<h5><a style=\"font-size: 1em; line-height: 1.5em;\" title=\"A\u015fk T\u00fcneli\u2019nden Elele Ge\u00e7meli kal\u0131c\u0131 ba\u011flant\u0131s\u0131\" href=\"http:\/\/blog.ecift.com\/index.php\/2012\/09\/28\/ask-tuneli\/\" rel=\"bookmark\">A\u015fk T\u00fcneli\u2019nden Elele Ge\u00e7meli<\/a><br \/>\n<a title=\"Makaron Tad\u0131nda \u00d6p\u00fcc\u00fckler kal\u0131c\u0131 ba\u011flant\u0131s\u0131\" href=\"http:\/\/blog.ecift.com\/index.php\/2011\/10\/11\/makaronlu-dudaklar\/\" rel=\"bookmark\">Makaron Tad\u0131nda \u00d6p\u00fcc\u00fckler<\/a><br \/>\n<a title=\"A\u015f\u0131klar \u015eehri Venedik\u2019i 3 Dakikada Ke\u015ffedin kal\u0131c\u0131 ba\u011flant\u0131s\u0131\" href=\"http:\/\/blog.ecift.com\/index.php\/2012\/05\/09\/asiklar-sehri-venediki-3-dakikada-kesfedin\/\" rel=\"bookmark\">A\u015f\u0131klar \u015eehri Venedik\u2019i 3 Dakikada Ke\u015ffedin<\/a><br \/>\n<a title=\"Biraz Gezmeye Ne Dersiniz? kal\u0131c\u0131 ba\u011flant\u0131s\u0131\" href=\"http:\/\/blog.ecift.com\/index.php\/2013\/03\/11\/biraz-gezmeye-ne-dersiniz\/\" rel=\"bookmark\">Biraz Gezmeye Ne Dersiniz?<\/a><br \/>\n<a title=\"A\u015fk Hakk\u0131nda Bilmedikleriniz kal\u0131c\u0131 ba\u011flant\u0131s\u0131\" href=\"http:\/\/blog.ecift.com\/index.php\/2012\/06\/22\/ask-hakkinda-bilmedikleriniz\/\" rel=\"bookmark\">A\u015fk Hakk\u0131nda Bilmedikleriniz<\/a><\/h5>\n<p>&nbsp;<br \/>\n&nbsp;<\/p>\n<p style=\"text-align: right;\"><a href=\"http:\/\/www.ecift.com\" target=\"_blank\" rel=\"noopener noreferrer\">e\u00c7ift<\/a> &#8211; A\u015fk Burada Ba\u015flar.<\/p>\n<p>&nbsp;<\/p>\n<p>&nbsp;<\/p>\n<p>&nbsp;<\/p>\n<p>&nbsp;<\/p>\n","protected":false},"excerpt":{"rendered":"<p>&nbsp; &nbsp; A\u015f\u0131klar \u015fehri, Paris&#8230; Her k\u00f6\u015fesi farkl\u0131 bir hikayeye tan\u0131k olmu\u015f, romantik tatillerin ba\u015fkenti&#8230;<\/p>\n","protected":false},"author":1,"featured_media":6736,"comment_status":"closed","ping_status":"closed","sticky":false,"template":"","format":"standard","meta":{"footnotes":""},"categories":[5],"tags":[22,1776,1775,193,1771,1772,1777,1778,1774,1773,441],"class_list":["post-6732","post","type-post","status-publish","format-standard","has-post-thumbnail","hentry","category-ruh","tag-ask","tag-ask-asma-kilit","tag-ask-kilidi","tag-ecift","tag-pariste-ask","tag-pariste-romantizm","tag-pont-des-arts","tag-pont-des-arts-kilitleri","tag-romantik-ritueller","tag-romantik-tatil","tag-romantizm"],"aioseo_notices":[],"_links":{"self":[{"href":"https:\/\/blog.ecift.com\/index.php\/wp-json\/wp\/v2\/posts\/6732","targetHints":{"allow":["GET"]}}],"collection":[{"href":"https:\/\/blog.ecift.com\/index.php\/wp-json\/wp\/v2\/posts"}],"about":[{"href":"https:\/\/blog.ecift.com\/index.php\/wp-json\/wp\/v2\/types\/post"}],"author":[{"embeddable":true,"href":"https:\/\/blog.ecift.com\/index.php\/wp-json\/wp\/v2\/users\/1"}],"replies":[{"embeddable":true,"href":"https:\/\/blog.ecift.com\/index.php\/wp-json\/wp\/v2\/comments?post=6732"}],"version-history":[{"count":6,"href":"https:\/\/blog.ecift.com\/index.php\/wp-json\/wp\/v2\/posts\/6732\/revisions"}],"predecessor-version":[{"id":11554,"href":"https:\/\/blog.ecift.com\/index.php\/wp-json\/wp\/v2\/posts\/6732\/revisions\/11554"}],"wp:featuredmedia":[{"embeddable":true,"href":"https:\/\/blog.ecift.com\/index.php\/wp-json\/wp\/v2\/media\/6736"}],"wp:attachment":[{"href":"https:\/\/blog.ecift.com\/index.php\/wp-json\/wp\/v2\/media?parent=6732"}],"wp:term":[{"taxonomy":"category","embeddable":true,"href":"https:\/\/blog.ecift.com\/index.php\/wp-json\/wp\/v2\/categories?post=6732"},{"taxonomy":"post_tag","embeddable":true,"href":"https:\/\/blog.ecift.com\/index.php\/wp-json\/wp\/v2\/tags?post=6732"}],"curies":[{"name":"wp","href":"https:\/\/api.w.org\/{rel}","templated":true}]}}