{"id":6679,"date":"2014-05-23T10:10:57","date_gmt":"2014-05-23T07:10:57","guid":{"rendered":"http:\/\/blog.ecift.com\/?p=6679"},"modified":"2021-07-28T17:14:36","modified_gmt":"2021-07-28T14:14:36","slug":"o-kisi","status":"publish","type":"post","link":"https:\/\/blog.ecift.com\/index.php\/2014\/05\/23\/o-kisi\/","title":{"rendered":"Arad\u0131\u011f\u0131n\u0131z Ki\u015fi &#8220;O&#8221; Mu?"},"content":{"rendered":"<p>&nbsp;<br \/>\n<img loading=\"lazy\" decoding=\"async\" class=\"aligncenter size-full wp-image-6688\" title=\"A\u015fk\" src=\"http:\/\/blog.ecift.com\/wp-content\/uploads\/2014\/05\/stockfresh_1558797_romantic-couple-in-love_sizeXS.jpg\" alt=\"\" width=\"424\" height=\"283\" srcset=\"https:\/\/blog.ecift.com\/wp-content\/uploads\/2014\/05\/stockfresh_1558797_romantic-couple-in-love_sizeXS.jpg 424w, https:\/\/blog.ecift.com\/wp-content\/uploads\/2014\/05\/stockfresh_1558797_romantic-couple-in-love_sizeXS-300x200.jpg 300w\" sizes=\"auto, (max-width: 424px) 100vw, 424px\" \/><\/p>\n<p>&nbsp;<\/p>\n<p>Mevsim bahar, midede kelebek zaman\u0131. \u0130\u00e7inizin k\u0131p\u0131r k\u0131p\u0131r oldu\u011fu, yerinizde duramad\u0131\u011f\u0131n\u0131z, kendinizi sebepsizce g\u00fclerken buldu\u011funuz bir d\u00f6nemdeyseniz, tebrikleeeer a\u015f\u0131ks\u0131n\u0131z!<\/p>\n<p><!--more--><\/p>\n<p>Pembe g\u00f6zl\u00fcklerin ard\u0131nda akl\u0131n\u0131za d\u00fc\u015fen ilk soru, \u201cPeki ya o?\u201d olabilir. Burada duygular\u0131n kar\u015f\u0131l\u0131kl\u0131 oldu\u011funu hissettikten sonra ikinci a\u015fama ba\u015flar.<\/p>\n<p>\u0130lk heyecanlar yat\u0131\u015f\u0131nca, \u201cGer\u00e7ekten arad\u0131\u011f\u0131m ki\u015fi o mu?\u201d gibi bir sorgulamaya da girebilirsiniz. Bu noktada belirliyici olan baz\u0131 noktalar\u0131 g\u00f6z \u00f6n\u00fcnde bulundurarak karar verebilirsiniz.<\/p>\n<p>&nbsp;<br \/>\n&nbsp;<\/p>\n<p><strong>Oldu\u011fu gibi kabul etmek:<\/strong> Kar\u015f\u0131n\u0131zdaki ki\u015fiyi, kusurlar\u0131 ve ho\u015funuza gitmeyen \u00f6zelliklerini g\u00f6z ard\u0131 ederek oldu\u011fu gibi seviyor musunuz? Yoksa \u201czamanla de\u011fi\u015fir\u201d gibi i\u00e7ten i\u00e7e bir umudunuz mu var? Uyumlu bir ili\u015fkinin temeli, kar\u015f\u0131s\u0131ndakini oldu\u011fu gibi kabullenip onun de\u011fi\u015fme ihtimalini akl\u0131na bile getirmemektir. Ayn\u0131 durumun size kar\u015f\u0131 da olmas\u0131 gerekti\u011fine dikkat edin.<\/p>\n<p><strong>Her dakika beraber olmay\u0131 istemek:<\/strong> Hayat\u0131 payla\u015facak \u00f6zel ki\u015fiyi buldu\u011funuzda her an\u0131 onunla payla\u015fmay\u0131 istemek \u00e7ok do\u011fal. Yeni \u00f6\u011frendi\u011finiz bir bilgi, ilk defa tatt\u0131\u011f\u0131n\u0131z bir yemek, g\u00f6rd\u00fc\u011f\u00fcn\u00fcz yer&#8230; \u201cHayat payla\u015f\u0131nca g\u00fczel\u201d diye bo\u015funa dememi\u015fler. Ancak, burada bir parantez a\u00e7makta fayda var. Herkesin kendine ay\u0131raca\u011f\u0131 bir zaman\u0131n olmas\u0131 da ili\u015fkinin sa\u011fl\u0131\u011f\u0131 i\u00e7in \u00e7ok \u00f6nemli. Kendinize zaman yaratmay\u0131 unutmay\u0131n.<\/p>\n<p><strong>Gelecek planlamak:<\/strong> K\u0131sa ya da uzun vade farketmez, gelecekte herhangi bir konuda plan yapmak, gelecekte de beraber olma arzusunun payla\u015f\u0131ld\u0131\u011f\u0131n\u0131 g\u00f6sterir. \u0130li\u015fkinin seviyesine ba\u011fl\u0131 olarak bu 3-5 ayl\u0131k bir tatil plan\u0131 da olabilir, daha uzun vadede ortak bir ev ya da evlilik ve \u00e7ocuk da olabilir. Bu konular\u0131n konu\u015fuluyor olmas\u0131, kar\u015f\u0131l\u0131kl\u0131 beklentilerin uyu\u015ftu\u011funun g\u00f6stergesi olabilir.<\/p>\n<p><strong>Anla\u015fmazl\u0131klar\u0131 tatl\u0131ya ba\u011flamak:<\/strong> Tart\u0131\u015fmalar, her ili\u015fkinin tuzu biberi. \u00d6nemli olan k\u0131r\u0131c\u0131 olmadan, kar\u015f\u0131l\u0131kl\u0131 sayg\u0131 ve anlay\u0131\u015f \u00e7er\u00e7evesi i\u00e7inde birbirini dinleyerek ve anlayarak ortak bir noktada bulu\u015fabilmektir. Kar\u015f\u0131l\u0131kl\u0131 at\u0131lan ad\u0131mlarda \u00e7\u00f6z\u00fcmlenen bir anla\u015fmazl\u0131k ili\u015fkiyi daha da g\u00fc\u00e7lendirir. Tart\u0131\u015fmalara mahal vermemek i\u00e7in kritik konular\u0131 hi\u00e7 konu\u015fmamak ya da g\u00fcndeme gelen konular \u00fczerinde birbirini anlamaya \u00e7al\u0131\u015fmadan tart\u0131\u015fmak ise aksine ili\u015fkiniz i\u00e7in hi\u00e7 de yap\u0131c\u0131 olmayacakt\u0131r.<br \/>\n&nbsp;<\/p>\n<p>&nbsp;<\/p>\n<p><strong><em>Benzer Yaz\u0131lar:<\/em><\/strong><\/p>\n<h5><a title=\"\u0130lk Kim S\u00f6yl\u00fcyor? kal\u0131c\u0131 ba\u011flant\u0131s\u0131\" href=\"http:\/\/blog.ecift.com\/index.php\/2014\/05\/02\/ilk-kim\/\" rel=\"bookmark\">\u0130lk Kim S\u00f6yl\u00fcyor?<\/a><br \/>\n<a title=\"A\u015fk\u0131n\u0131z Bir Saman Alevi Mi? kal\u0131c\u0131 ba\u011flant\u0131s\u0131\" href=\"http:\/\/blog.ecift.com\/index.php\/2014\/04\/02\/saman-alevi\/\" rel=\"bookmark\">A\u015fk\u0131n\u0131z Bir Saman Alevi Mi?<\/a><br \/>\n<a title=\"\u0130\u015fler Ciddile\u015fmeden\u2026 kal\u0131c\u0131 ba\u011flant\u0131s\u0131\" href=\"http:\/\/blog.ecift.com\/index.php\/2014\/01\/02\/isler-ciddi\/\" rel=\"bookmark\">\u0130\u015fler Ciddile\u015fmeden\u2026<\/a><br \/>\n<a title=\"A\u015fk, Beyne H\u00fckmediyor kal\u0131c\u0131 ba\u011flant\u0131s\u0131\" href=\"http:\/\/blog.ecift.com\/index.php\/2014\/03\/24\/ask-beyin\/\" rel=\"bookmark\">A\u015fk, Beyne H\u00fckmediyor<\/a><br \/>\n<a title=\"Bula\u015f\u0131c\u0131 Mutluluklar kal\u0131c\u0131 ba\u011flant\u0131s\u0131\" href=\"http:\/\/blog.ecift.com\/index.php\/2013\/11\/07\/bulasici-mutluluklar\/\" rel=\"bookmark\">Bula\u015f\u0131c\u0131 Mutluluklar<\/a><br \/>\n<a title=\"Fl\u00f6rtten Ciddi \u0130li\u015fkiye Ne Zaman Ge\u00e7meli kal\u0131c\u0131 ba\u011flant\u0131s\u0131\" href=\"http:\/\/blog.ecift.com\/index.php\/2013\/10\/24\/flortten\/\" rel=\"bookmark\">Fl\u00f6rtten Ciddi \u0130li\u015fkiye Ne Zaman Ge\u00e7meli<\/a><\/h5>\n<p>&nbsp;<br \/>\n&nbsp;<\/p>\n<p style=\"text-align: right;\"><a href=\"http:\/\/blog.ecift.com\" target=\"_blank\" rel=\"noopener noreferrer\">e\u00c7ift<\/a> &#8211; A\u015fk Burada Ba\u015flar.<\/p>\n<p>&nbsp;<\/p>\n","protected":false},"excerpt":{"rendered":"<p>&nbsp; &nbsp; Mevsim bahar, midede kelebek zaman\u0131. \u0130\u00e7inizin k\u0131p\u0131r k\u0131p\u0131r oldu\u011fu, yerinizde duramad\u0131\u011f\u0131n\u0131z, kendinizi sebepsizce g\u00fclerken buldu\u011funuz bir d\u00f6nemdeyseniz, tebrikleeeer a\u015f\u0131ks\u0131n\u0131z!<\/p>\n","protected":false},"author":1,"featured_media":6688,"comment_status":"closed","ping_status":"closed","sticky":false,"template":"","format":"standard","meta":{"footnotes":""},"categories":[2387,4],"tags":[22,1755,293,422,1757,193,1756,194],"class_list":["post-6679","post","type-post","status-publish","format-standard","has-post-thumbnail","hentry","category-flort","category-kalp","tag-ask","tag-askin-belirtileri","tag-ciddi-iliski","tag-dogru-insan","tag-dogru-kisi","tag-ecift","tag-isler-ciddi","tag-mutlu-iliskiler"],"aioseo_notices":[],"_links":{"self":[{"href":"https:\/\/blog.ecift.com\/index.php\/wp-json\/wp\/v2\/posts\/6679","targetHints":{"allow":["GET"]}}],"collection":[{"href":"https:\/\/blog.ecift.com\/index.php\/wp-json\/wp\/v2\/posts"}],"about":[{"href":"https:\/\/blog.ecift.com\/index.php\/wp-json\/wp\/v2\/types\/post"}],"author":[{"embeddable":true,"href":"https:\/\/blog.ecift.com\/index.php\/wp-json\/wp\/v2\/users\/1"}],"replies":[{"embeddable":true,"href":"https:\/\/blog.ecift.com\/index.php\/wp-json\/wp\/v2\/comments?post=6679"}],"version-history":[{"count":10,"href":"https:\/\/blog.ecift.com\/index.php\/wp-json\/wp\/v2\/posts\/6679\/revisions"}],"predecessor-version":[{"id":11558,"href":"https:\/\/blog.ecift.com\/index.php\/wp-json\/wp\/v2\/posts\/6679\/revisions\/11558"}],"wp:featuredmedia":[{"embeddable":true,"href":"https:\/\/blog.ecift.com\/index.php\/wp-json\/wp\/v2\/media\/6688"}],"wp:attachment":[{"href":"https:\/\/blog.ecift.com\/index.php\/wp-json\/wp\/v2\/media?parent=6679"}],"wp:term":[{"taxonomy":"category","embeddable":true,"href":"https:\/\/blog.ecift.com\/index.php\/wp-json\/wp\/v2\/categories?post=6679"},{"taxonomy":"post_tag","embeddable":true,"href":"https:\/\/blog.ecift.com\/index.php\/wp-json\/wp\/v2\/tags?post=6679"}],"curies":[{"name":"wp","href":"https:\/\/api.w.org\/{rel}","templated":true}]}}