{"id":6668,"date":"2014-05-27T10:11:37","date_gmt":"2014-05-27T07:11:37","guid":{"rendered":"http:\/\/blog.ecift.com\/?p=6668"},"modified":"2021-07-28T17:14:36","modified_gmt":"2021-07-28T14:14:36","slug":"fotojenik","status":"publish","type":"post","link":"https:\/\/blog.ecift.com\/index.php\/2014\/05\/27\/fotojenik\/","title":{"rendered":"D\u00fc\u011f\u00fcnlerde Fotojenik Olmak \u0130\u00e7in&#8230;"},"content":{"rendered":"<p>&nbsp;<\/p>\n<p><img loading=\"lazy\" decoding=\"async\" class=\"aligncenter size-full wp-image-6669\" title=\"D\u00fc\u011f\u00fcn \" src=\"http:\/\/blog.ecift.com\/wp-content\/uploads\/2014\/05\/stockfresh_3851051_table-at-a-wedding-feast_sizeXS.jpg\" alt=\"\" width=\"424\" height=\"283\" srcset=\"https:\/\/blog.ecift.com\/wp-content\/uploads\/2014\/05\/stockfresh_3851051_table-at-a-wedding-feast_sizeXS.jpg 424w, https:\/\/blog.ecift.com\/wp-content\/uploads\/2014\/05\/stockfresh_3851051_table-at-a-wedding-feast_sizeXS-300x200.jpg 300w\" sizes=\"auto, (max-width: 424px) 100vw, 424px\" \/><br \/>\n&nbsp;<br \/>\nY\u0131l\u0131n malum zaman\u0131 ba\u015flad\u0131; D\u00fc\u011f\u00fcn Sezonu!<\/p>\n<p>Elbiseler, tak\u0131lar, k\u0131nalar ve t\u00fcm beraberinde gelenlerle e\u011flenceli oldu\u011fu kadar yorucu olabilen bir d\u00f6nem.<\/p>\n<p><!--more--><\/p>\n<p>T\u00fcm ko\u015fturman\u0131n aras\u0131nda h\u0131zl\u0131ca ge\u00e7en d\u00fc\u011f\u00fcn gecesini ileride bize hat\u0131rlatacak en \u00f6nemli unsur, foto\u011fraflar. Foto\u011fraflar yetersiz ve k\u00f6t\u00fc oldu\u011funda elde o mutlu g\u00fcnden yaln\u0131zca gittik\u00e7e silikle\u015fen an\u0131lar kal\u0131yor.<\/p>\n<p>Foto\u011fraf konusuna gereken \u00f6nemi vermek yetmiyor. Bir de fotojenik olmak derdi var. Ancak, ikisi de sand\u0131\u011f\u0131m\u0131z kadar zor de\u011fil.<\/p>\n<p>&nbsp;<\/p>\n<p><strong>Foto\u011fraf\u00e7\u0131: <\/strong>E\u011fer s\u00f6z konusu kendi d\u00fc\u011f\u00fcn\u00fcn\u00fczse mutlaka iyi bir foto\u011fraf\u00e7\u0131 ile anla\u015f\u0131n. B\u00fct\u00e7enizi zorlad\u0131\u011f\u0131 takdirde foto\u011fraf\u00e7\u0131 b\u00fct\u00e7esinden de\u011fil de ba\u015fka yerlerden k\u0131smaya \u00e7al\u0131\u015f\u0131n. \u00d6ncesinde mutlaka kendisiyle g\u00f6r\u00fc\u015f\u00fcp beklentileriniz payla\u015f\u0131n ve bak\u0131\u015f a\u00e7\u0131lar\u0131n\u0131z\u0131n uyu\u015ftu\u011fundan emin olun.<\/p>\n<p><strong>Kendinizi kasmay\u0131n:<\/strong> Poz verirken, pistte dans ederken, gelinle damad\u0131 tebrik ederken rahat olun ve duygular\u0131n\u0131z\u0131 ak\u0131\u015f\u0131na b\u0131rak\u0131n. Mutlulu\u011funuz y\u00fcz\u00fcn\u00fcze yans\u0131y\u0131nca k\u00f6t\u00fc \u00e7\u0131kma ihtimaliniz yok. Ancak, \u201cnas\u0131l g\u00f6z\u00fck\u00fcyorum\u201d kayg\u0131s\u0131 an\u0131n g\u00fczelli\u011fini bozacakt\u0131r.<\/p>\n<p><strong>G\u00fcl\u00fcmseyin:<\/strong> G\u00fcl\u00fcmsemekten \u00e7ekinmeyin. En g\u00fczel kareler bol kahkahal\u0131, g\u00fcl\u00fcmsemeli anlarda \u00e7\u0131k\u0131yor.<\/p>\n<p><strong>Pozlar\u0131 \u00f6nceden kararla\u015ft\u0131r\u0131n:<\/strong>D\u00fc\u011f\u00fcn g\u00fcn\u00fc o kadar \u00e7abuk ge\u00e7iyor ki ancak ertesi g\u00fcn ay\u0131l\u0131p hi\u00e7 de do\u011fru d\u00fczg\u00fcn foto\u011fraf \u00e7ektiremedi\u011finizi fark edebiliyorsunuz. O g\u00fcnden e\u011flenceli anlar\u0131 \u00f6l\u00fcms\u00fczle\u015ftirmek i\u00e7in de\u011fi\u015fik pozlar\u0131, farkl\u0131 farkl\u0131 ki\u015filerle deneyip \u00e7ektirebilirsiniz. Esinlenmek i\u00e7in\u00a0<a title=\"D\u00fc\u011f\u00fcn Dernek Dedi\u011fin\u2026 kal\u0131c\u0131 ba\u011flant\u0131s\u0131\" href=\"http:\/\/blog.ecift.com\/index.php\/2014\/02\/20\/dugun\/\" rel=\"bookmark\">D\u00fc\u011f\u00fcn Dernek Dedi\u011fin\u2026<\/a>\u00a0yaz\u0131m\u0131zdaki foto\u011fraflara bakabilirsiniz.<\/p>\n<p>&nbsp;<br \/>\n&nbsp;<br \/>\n<em><strong>Benzer Yaz\u0131lar:<\/strong><\/em><\/p>\n<h5><a title=\"Gelin Buketinin Arkas\u0131ndan Atlamay\u0131n! kal\u0131c\u0131 ba\u011flant\u0131s\u0131\" href=\"http:\/\/blog.ecift.com\/index.php\/2013\/12\/13\/gelin-buketi\/\" rel=\"bookmark\">Gelin Buketinin Arkas\u0131ndan Atlamay\u0131n!<\/a><br \/>\n<a title=\"\u00c7iftlere \u00d6zel D\u00fc\u011f\u00fcn Pastas\u0131 kal\u0131c\u0131 ba\u011flant\u0131s\u0131\" href=\"http:\/\/blog.ecift.com\/index.php\/2013\/08\/19\/ciftlere-ozel-dugun-pastasi\/\" rel=\"bookmark\">\u00c7iftlere \u00d6zel D\u00fc\u011f\u00fcn Pastas\u0131<\/a><br \/>\n<a title=\"Yak\u0131n Arkada\u015flar\u0131n\u0131z\u0131n Evlendi\u011fi Mevsim: Yaz kal\u0131c\u0131 ba\u011flant\u0131s\u0131\" href=\"http:\/\/blog.ecift.com\/index.php\/2013\/07\/22\/mevsim-yaz\/\" rel=\"bookmark\">Yak\u0131n Arkada\u015flar\u0131n\u0131z\u0131n Evlendi\u011fi Mevsim: Yaz<\/a><br \/>\n<a title=\"Teknolojik D\u00fc\u011f\u00fcnler kal\u0131c\u0131 ba\u011flant\u0131s\u0131\" href=\"http:\/\/blog.ecift.com\/index.php\/2013\/03\/27\/teknolojik-dugunler\/\" rel=\"bookmark\">Teknolojik D\u00fc\u011f\u00fcnler<\/a><\/h5>\n<p>&nbsp;<br \/>\n&nbsp;<\/p>\n<p style=\"text-align: right;\"><a href=\"http:\/\/blog.ecift.com\" target=\"_blank\" rel=\"noopener noreferrer\">e\u00c7ift<\/a> &#8211; A\u015fk Burada Ba\u015flar.<\/p>\n","protected":false},"excerpt":{"rendered":"<p>&nbsp; &nbsp; Y\u0131l\u0131n malum zaman\u0131 ba\u015flad\u0131; D\u00fc\u011f\u00fcn Sezonu! Elbiseler, tak\u0131lar, k\u0131nalar ve t\u00fcm beraberinde gelenlerle e\u011flenceli oldu\u011fu kadar yorucu olabilen bir d\u00f6nem.<\/p>\n","protected":false},"author":1,"featured_media":6669,"comment_status":"closed","ping_status":"closed","sticky":false,"template":"","format":"standard","meta":{"footnotes":""},"categories":[4],"tags":[22,555,1050,927,1747,193,517,1748],"class_list":["post-6668","post","type-post","status-publish","format-standard","has-post-thumbnail","hentry","category-kalp","tag-ask","tag-dugun","tag-dugun-fotografi","tag-dugun-fotograflari","tag-dugunde-fotojenik-olmak","tag-ecift","tag-evlilik","tag-fotojenik-olmak"],"aioseo_notices":[],"_links":{"self":[{"href":"https:\/\/blog.ecift.com\/index.php\/wp-json\/wp\/v2\/posts\/6668","targetHints":{"allow":["GET"]}}],"collection":[{"href":"https:\/\/blog.ecift.com\/index.php\/wp-json\/wp\/v2\/posts"}],"about":[{"href":"https:\/\/blog.ecift.com\/index.php\/wp-json\/wp\/v2\/types\/post"}],"author":[{"embeddable":true,"href":"https:\/\/blog.ecift.com\/index.php\/wp-json\/wp\/v2\/users\/1"}],"replies":[{"embeddable":true,"href":"https:\/\/blog.ecift.com\/index.php\/wp-json\/wp\/v2\/comments?post=6668"}],"version-history":[{"count":11,"href":"https:\/\/blog.ecift.com\/index.php\/wp-json\/wp\/v2\/posts\/6668\/revisions"}],"predecessor-version":[{"id":11557,"href":"https:\/\/blog.ecift.com\/index.php\/wp-json\/wp\/v2\/posts\/6668\/revisions\/11557"}],"wp:featuredmedia":[{"embeddable":true,"href":"https:\/\/blog.ecift.com\/index.php\/wp-json\/wp\/v2\/media\/6669"}],"wp:attachment":[{"href":"https:\/\/blog.ecift.com\/index.php\/wp-json\/wp\/v2\/media?parent=6668"}],"wp:term":[{"taxonomy":"category","embeddable":true,"href":"https:\/\/blog.ecift.com\/index.php\/wp-json\/wp\/v2\/categories?post=6668"},{"taxonomy":"post_tag","embeddable":true,"href":"https:\/\/blog.ecift.com\/index.php\/wp-json\/wp\/v2\/tags?post=6668"}],"curies":[{"name":"wp","href":"https:\/\/api.w.org\/{rel}","templated":true}]}}