{"id":454,"date":"2011-10-17T11:15:00","date_gmt":"2011-10-17T08:15:00","guid":{"rendered":"http:\/\/blog.ecift.com\/?p=454"},"modified":"2021-07-28T17:15:42","modified_gmt":"2021-07-28T14:15:42","slug":"turk-muzikseverlerin-fransiz-aski-zaz","status":"publish","type":"post","link":"https:\/\/blog.ecift.com\/index.php\/2011\/10\/17\/turk-muzikseverlerin-fransiz-aski-zaz\/","title":{"rendered":"T\u00fcrk M\u00fczikseverlerin Frans\u0131z A\u015fk\u0131, Zaz"},"content":{"rendered":"<p>&nbsp;<br \/>\n<img loading=\"lazy\" decoding=\"async\" class=\"aligncenter size-full wp-image-461\" title=\"Zaz\" src=\"http:\/\/blog.ecift.com\/wp-content\/uploads\/2011\/10\/zaz.jpg\" alt=\"\" width=\"518\" height=\"518\" srcset=\"https:\/\/blog.ecift.com\/wp-content\/uploads\/2011\/10\/zaz.jpg 1600w, https:\/\/blog.ecift.com\/wp-content\/uploads\/2011\/10\/zaz-50x50.jpg 50w, https:\/\/blog.ecift.com\/wp-content\/uploads\/2011\/10\/zaz-300x300.jpg 300w, https:\/\/blog.ecift.com\/wp-content\/uploads\/2011\/10\/zaz-1024x1024.jpg 1024w\" sizes=\"auto, (max-width: 518px) 100vw, 518px\" \/><br \/>\n&nbsp;<\/p>\n<p>Facebook&#8217;daki T\u00fcrk kullan\u0131c\u0131lar aras\u0131nda tam anlam\u0131yla payla\u015fma rekoru k\u0131ran\u00a0 \u201cZaz \u2013 Je Veux\u201d hemen hemen hepimiz hat\u0131rl\u0131yoruz. Bu ilgi kar\u015f\u0131l\u0131\u011f\u0131n\u0131 ald\u0131 ve Zaz, <a title=\"Akbank Caz Festivali - Program\" href=\"http:\/\/www.akbanksanat.com\/web\/522-10310-1-1\/akbank_sanat\/21_caz_festivali\/21__caz_festivali\/program\" target=\"_blank\" rel=\"noopener noreferrer\">Akbank Caz Festivali <\/a>kapsam\u0131nda \u0130stanbul\u2019daki m\u00fczikseverlerle bulu\u015fmaya geliyor.<\/p>\n<p><!--more--><\/p>\n<p>1980 do\u011fumlu, Isabelle Geffroy (Zaz), ilk alb\u00fcm\u00fcn\u00fc yay\u0131nlad\u0131\u011f\u0131 2010 y\u0131l\u0131nda Fransa ve Avrupa&#8217;da &#8220;En Be\u011fenilen Frans\u0131z \u015eark\u0131c\u0131&#8221; se\u00e7ilmi\u015fti. \u00dclkemizde de ilgi Facebook payla\u015f\u0131mlar\u0131yla s\u0131n\u0131rl\u0131 de\u011fil. 22 Ekim\u2019de L\u00fctfi K\u0131rdar Uluslararas\u0131 Kongre ve Sergi Saray\u0131\u2019nda\u00a0ger\u00e7ekle\u015ftirilecek olan konserin biletleri daha sat\u0131\u015fa \u00e7\u0131kt\u0131\u011f\u0131 g\u00fcn saatler i\u00e7inde t\u00fckenmi\u015fti.<\/p>\n<p>Siz o \u015fansl\u0131 kesim i\u00e7inde de\u011filseniz \u00fcz\u00fclmeyin, kay\u0131tlar\u0131yla ruhumuzu beslemeye devam edebiliriz.<br \/>\n&nbsp;<br \/>\n&nbsp;<br \/>\n<center><iframe loading=\"lazy\" src=\"http:\/\/www.youtube.com\/embed\/yy3EpWYfG1s\" frameborder=\"0\" width=\"420\" height=\"315\"><\/iframe><\/center><br \/>\n<center><iframe loading=\"lazy\" src=\"http:\/\/www.youtube.com\/embed\/XZaI3kVnoeA\" frameborder=\"0\" width=\"560\" height=\"315\"><\/iframe><\/center><\/p>\n","protected":false},"excerpt":{"rendered":"<p>&nbsp; &nbsp; Facebook&#8217;daki T\u00fcrk kullan\u0131c\u0131lar aras\u0131nda tam anlam\u0131yla payla\u015fma rekoru k\u0131ran\u00a0 \u201cZaz \u2013 Je Veux\u201d hemen hemen hepimiz hat\u0131rl\u0131yoruz. Bu ilgi kar\u015f\u0131l\u0131\u011f\u0131n\u0131 ald\u0131 ve Zaz, Akbank Caz Festivali kapsam\u0131nda \u0130stanbul\u2019daki m\u00fczikseverlerle bulu\u015fmaya geliyor.<\/p>\n","protected":false},"author":1,"featured_media":821,"comment_status":"closed","ping_status":"closed","sticky":false,"template":"","format":"standard","meta":{"footnotes":""},"categories":[5],"tags":[984,22,77,78,293,193,79,46,76],"class_list":["post-454","post","type-post","status-publish","format-standard","has-post-thumbnail","hentry","category-ruh","tag-arkadaslik-sitesi","tag-ask","tag-caz","tag-caz-festivali","tag-ciddi-iliski","tag-ecift","tag-fransiz","tag-muzik","tag-zaz"],"aioseo_notices":[],"_links":{"self":[{"href":"https:\/\/blog.ecift.com\/index.php\/wp-json\/wp\/v2\/posts\/454","targetHints":{"allow":["GET"]}}],"collection":[{"href":"https:\/\/blog.ecift.com\/index.php\/wp-json\/wp\/v2\/posts"}],"about":[{"href":"https:\/\/blog.ecift.com\/index.php\/wp-json\/wp\/v2\/types\/post"}],"author":[{"embeddable":true,"href":"https:\/\/blog.ecift.com\/index.php\/wp-json\/wp\/v2\/users\/1"}],"replies":[{"embeddable":true,"href":"https:\/\/blog.ecift.com\/index.php\/wp-json\/wp\/v2\/comments?post=454"}],"version-history":[{"count":17,"href":"https:\/\/blog.ecift.com\/index.php\/wp-json\/wp\/v2\/posts\/454\/revisions"}],"predecessor-version":[{"id":11835,"href":"https:\/\/blog.ecift.com\/index.php\/wp-json\/wp\/v2\/posts\/454\/revisions\/11835"}],"wp:featuredmedia":[{"embeddable":true,"href":"https:\/\/blog.ecift.com\/index.php\/wp-json\/wp\/v2\/media\/821"}],"wp:attachment":[{"href":"https:\/\/blog.ecift.com\/index.php\/wp-json\/wp\/v2\/media?parent=454"}],"wp:term":[{"taxonomy":"category","embeddable":true,"href":"https:\/\/blog.ecift.com\/index.php\/wp-json\/wp\/v2\/categories?post=454"},{"taxonomy":"post_tag","embeddable":true,"href":"https:\/\/blog.ecift.com\/index.php\/wp-json\/wp\/v2\/tags?post=454"}],"curies":[{"name":"wp","href":"https:\/\/api.w.org\/{rel}","templated":true}]}}