{"id":4374,"date":"2012-11-22T11:29:07","date_gmt":"2012-11-22T09:29:07","guid":{"rendered":"http:\/\/blog.ecift.com\/?p=4374"},"modified":"2021-07-28T17:43:30","modified_gmt":"2021-07-28T14:43:30","slug":"seni-seviyorum","status":"publish","type":"post","link":"https:\/\/blog.ecift.com\/index.php\/2012\/11\/22\/seni-seviyorum\/","title":{"rendered":"&#8220;Seni Seviyorum&#8221;"},"content":{"rendered":"<p>Yersiz kullan\u0131ld\u0131\u011f\u0131 i\u00e7in \u201cSeni seviyorum\u201d c\u00fcmlesinin eski anlam\u0131n\u0131 yitirdi\u011fi s\u00f6ylenir.<br \/>\nBiz bu d\u00fc\u015f\u00fcnceye pek kat\u0131lm\u0131yoruz. \u00d6zellikle ikili ili\u015fkilerde \u00f6nemli bir yere sahip oldu\u011funu \u00e7o\u011funuz kabul edecektir. Bu iki kelimelik c\u00fcmle ilk defa s\u00f6ylendi\u011finde ili\u015fkiyi bir \u00fcst seviyeye ta\u015f\u0131yabilece\u011fi gibi tam tersine sonlanmas\u0131na da sebep olabilir.<br \/>\nBu konuda hassas davranmak, bu etkileyicili\u011finden dolay\u0131 \u00f6nemlidir.<\/p>\n<p><!--more--><\/p>\n<p><strong>Zamanlama:<\/strong> Tan\u0131\u015fma d\u00f6neminde, erken davran\u0131p s\u00f6ylemek kar\u015f\u0131l\u0131k alamaman\u0131za sebep olabilir. Duygular\u0131n\u0131z\u0131 do\u011fru de\u011ferlendirebilmek i\u00e7in kendinize zaman vermenizde fayda var. Bu s\u00fcre\u00e7te, s\u00f6zl\u00fc ifadeler yerine hareketlerinizle duygular\u0131n\u0131z\u0131 g\u00f6stermeyi tercih edebilirsiniz. Kesinlikle emin olmak istiyorum derseniz, ilk ad\u0131m\u0131 kar\u015f\u0131 taraftan beklemeniz gerekir. Ancak, bu nun hi\u00e7 ger\u00e7ekle\u015fmeyebilece\u011fini de d\u00fc\u015f\u00fcn\u00fcn.<\/p>\n<p>\u201cSeni seviyorum\u201d c\u00fcmlesi san\u0131lan\u0131n aksine olduk\u00e7a etkilidir ve\u00a0 ili\u015fkinizin gidi\u015fat\u0131n\u0131 de\u011fi\u015ftirebilir. \u00d6ylesine s\u00f6ylemek, istemedi\u011finiz sonu\u00e7lara sebep olabilir. Ger\u00e7ekten hissetti\u011finiz durumlarda s\u00f6ylemeye dikkat edin ve duygular\u0131n\u0131z\u0131 saklamay\u0131n.<\/p>\n<p><strong>Planl\u0131 m\u0131, spontane mi?:<\/strong> Duygular andan etkilenerek olu\u015fur ve de\u011fi\u015febilir. B\u00f6yle bir c\u00fcmleyi s\u00f6ylemek i\u00e7in plan yapman\u0131n bir anlam\u0131 yoktur. Kalbinize kulak verin, size zaman\u0131 geldi\u011finde 2 kelimelik c\u00fcmleyi s\u00f6yletecektir.<\/p>\n<p><strong>Anlay\u0131\u015fl\u0131 olun:<\/strong> B\u00f6yle bir c\u00fcmleyi ilk defa s\u00f6yled\u011finizde kar\u015f\u0131l\u0131k bekliyor olman\u0131z \u00e7ok do\u011fal. Ancak, kar\u015f\u0131n\u0131zdaki ki\u015fi, duygular\u0131ndan sizin kadar emin olmayabilir. Onu bask\u0131 alt\u0131na almak ve s\u00f6ylemek zorunda b\u0131rakmak ili\u015fkiniz i\u00e7in olduk\u00e7a k\u00f6t\u00fc sonu\u00e7lar do\u011furabilir.<\/p>\n<p>Siz ilk defa \u201cSeni seviyorum\u201c dedikten birka\u00e7 saniye sonra kar\u015f\u0131l\u0131k alamad\u0131ysan\u0131z, sevdi\u011finize kar\u015f\u0131l\u0131k olarak ayn\u0131 c\u00fcmleyi s\u00f6ylemesini zorunlu k\u0131lmak istemedi\u011finizi ve \u00a0yaln\u0131zca ger\u00e7ekten hissetti\u011fi zaman s\u00f6ylemesini tercih edece\u011finizi ve bu an\u0131 bekleyebilece\u011finizi belirtebilirsiniz. B\u00f6ylece, gerilimi ve bask\u0131y\u0131 azaltm\u0131\u015f, sa\u011fl\u0131kl\u0131 bir ili\u015fkiye bir ad\u0131m daha yakla\u015fm\u0131\u015f olursunuz. Bu s\u00fcre\u00e7te, sevdi\u011finizden kar\u015f\u0131l\u0131k gelene kadar s\u0131k s\u0131k \u201cSeni seviyorum\u201d demekten ka\u00e7\u0131n\u0131n. Daha fazla bask\u0131 hissetmesine sebep olmak istemezsiniz.<\/p>\n<p style=\"text-align: right;\">e\u00c7ift &#8211; A\u015fk Burada Ba\u015flar.<\/p>\n","protected":false},"excerpt":{"rendered":"<p>Yersiz kullan\u0131ld\u0131\u011f\u0131 i\u00e7in \u201cSeni seviyorum\u201d c\u00fcmlesinin eski anlam\u0131n\u0131 yitirdi\u011fi s\u00f6ylenir. Biz bu d\u00fc\u015f\u00fcnceye pek kat\u0131lm\u0131yoruz. \u00d6zellikle ikili ili\u015fkilerde \u00f6nemli bir yere sahip oldu\u011funu \u00e7o\u011funuz kabul edecektir. Bu iki kelimelik c\u00fcmle ilk defa s\u00f6ylendi\u011finde ili\u015fkiyi bir \u00fcst seviyeye ta\u015f\u0131yabilece\u011fi gibi tam tersine sonlanmas\u0131na da sebep olabilir. Bu konuda hassas davranmak, bu etkileyicili\u011finden dolay\u0131 \u00f6nemlidir.<\/p>\n","protected":false},"author":1,"featured_media":4376,"comment_status":"closed","ping_status":"closed","sticky":false,"template":"","format":"standard","meta":{"footnotes":""},"categories":[4],"tags":[965,984,22,960,293,193,962,998,961,963],"class_list":["post-4374","post","type-post","status-publish","format-standard","has-post-thumbnail","hentry","category-kalp","tag-anilar","tag-arkadaslik-sitesi","tag-ask","tag-ask-itirafi","tag-ciddi-iliski","tag-ecift","tag-ilk-defa-seni-seviyorum","tag-ilk-kez-seni-seviyorum","tag-seni-seviyorum","tag-seni-seviyorum-demek"],"aioseo_notices":[],"_links":{"self":[{"href":"https:\/\/blog.ecift.com\/index.php\/wp-json\/wp\/v2\/posts\/4374","targetHints":{"allow":["GET"]}}],"collection":[{"href":"https:\/\/blog.ecift.com\/index.php\/wp-json\/wp\/v2\/posts"}],"about":[{"href":"https:\/\/blog.ecift.com\/index.php\/wp-json\/wp\/v2\/types\/post"}],"author":[{"embeddable":true,"href":"https:\/\/blog.ecift.com\/index.php\/wp-json\/wp\/v2\/users\/1"}],"replies":[{"embeddable":true,"href":"https:\/\/blog.ecift.com\/index.php\/wp-json\/wp\/v2\/comments?post=4374"}],"version-history":[{"count":15,"href":"https:\/\/blog.ecift.com\/index.php\/wp-json\/wp\/v2\/posts\/4374\/revisions"}],"predecessor-version":[{"id":11845,"href":"https:\/\/blog.ecift.com\/index.php\/wp-json\/wp\/v2\/posts\/4374\/revisions\/11845"}],"wp:featuredmedia":[{"embeddable":true,"href":"https:\/\/blog.ecift.com\/index.php\/wp-json\/wp\/v2\/media\/4376"}],"wp:attachment":[{"href":"https:\/\/blog.ecift.com\/index.php\/wp-json\/wp\/v2\/media?parent=4374"}],"wp:term":[{"taxonomy":"category","embeddable":true,"href":"https:\/\/blog.ecift.com\/index.php\/wp-json\/wp\/v2\/categories?post=4374"},{"taxonomy":"post_tag","embeddable":true,"href":"https:\/\/blog.ecift.com\/index.php\/wp-json\/wp\/v2\/tags?post=4374"}],"curies":[{"name":"wp","href":"https:\/\/api.w.org\/{rel}","templated":true}]}}