{"id":2934,"date":"2012-03-26T16:05:25","date_gmt":"2012-03-26T13:05:25","guid":{"rendered":"http:\/\/blog.ecift.com\/?p=2934"},"modified":"2021-07-28T17:15:24","modified_gmt":"2021-07-28T14:15:24","slug":"sekerleme-ve-caz-dolu-bir-ask-hikayesi","status":"publish","type":"post","link":"https:\/\/blog.ecift.com\/index.php\/2012\/03\/26\/sekerleme-ve-caz-dolu-bir-ask-hikayesi\/","title":{"rendered":"\u015eekerleme ve Caz Dolu Bir A\u015fk Hikayesi"},"content":{"rendered":"<p>&nbsp;<\/p>\n<p><img loading=\"lazy\" decoding=\"async\" class=\"aligncenter size-full wp-image-2935\" title=\"Circus Love\" src=\"http:\/\/blog.ecift.com\/wp-content\/uploads\/2012\/03\/elif-caglar.png\" alt=\"\" width=\"641\" height=\"349\" srcset=\"https:\/\/blog.ecift.com\/wp-content\/uploads\/2012\/03\/elif-caglar.png 641w, https:\/\/blog.ecift.com\/wp-content\/uploads\/2012\/03\/elif-caglar-300x163.png 300w\" sizes=\"auto, (max-width: 641px) 100vw, 641px\" \/><\/p>\n<p>\u015eeker gibi bir m\u00fczik videosu, \u201cCircus Love\u201d, Elif \u00c7a\u011flar\u2019\u0131n \u201cM-U-S-I-C\u201d isimli alb\u00fcm\u00fcn\u00fcn ilk videosu.<\/p>\n<p><a title=\"Elif \u00c7a\u011flar - Myspace\" href=\"http:\/\/www.myspace.com\/elifmusic\" target=\"_blank\" rel=\"noopener noreferrer\">Elif \u00c7a\u011flar<\/a> ile hen\u00fcz tan\u0131\u015fmad\u0131ysan\u0131z \u015fimdi tam vakti.<br \/>\n<!--more--><br \/>\n\u0130stanbul Bilgi \u00dcniversitesi M\u00fczik B\u00f6l\u00fcm\u00fc\u2019nde \u00f6nde gelen caz m\u00fczisyenlerinden \u2018Caz Kompozisyonu\u2019 \u00fczerine e\u011fitim alan \u00c7a\u011flar, caz\u0131n yan\u0131 s\u0131ra Timur Sel\u00e7uk ile Klasik T\u00fcrk M\u00fczi\u011fi alan\u0131nda da \u00e7al\u0131\u015fmalar yapt\u0131. 2003\u2019te e\u011fitimini s\u00fcrd\u00fcrmek \u00fczere gitti\u011fi New York\u2019ta \u201cCaz Performans\u0131\u201d master\u0131n\u0131 \u00f6zel \u00f6d\u00fcl alarak 2005 y\u0131l\u0131nda tamamlad\u0131. New York\u2019ta bulundu\u011fu 3 y\u0131l boyunca \u015fehrin \u00e7e\u015fitli kl\u00fcplerinde performanslar sergiledi. \u00a0T\u00fcrkiye\u2019ye d\u00f6nd\u00fckten sonra \u00e7e\u015fitli festival ve projelerde yer alan \u00c7a\u011flar, nihayet ilk solo alb\u00fcm\u00fcn\u00fc yay\u0131nlad\u0131.<\/p>\n<p>\u2018M-U-S-I-C\u2019 alb\u00fcm\u00fcnde yer alan t\u00fcm \u015fark\u0131lar\u0131n s\u00f6z ve m\u00fczikleri kendine ait olan Elif \u00c7a\u011flar, gen\u00e7 ya\u015f\u0131na ra\u011fmen caz camias\u0131nda kendine sa\u011flam bir yer edinmi\u015f gibi g\u00f6z\u00fck\u00fcyor.<\/p>\n<p>\u0130\u015fte \u2018Circus Love\u2019:<\/p>\n<p><center><iframe loading=\"lazy\" src=\"http:\/\/www.youtube.com\/embed\/w2BBPssLJnU\" frameborder=\"0\" width=\"560\" height=\"315\"><\/iframe><\/center><\/p>\n<p><img loading=\"lazy\" decoding=\"async\" class=\"aligncenter size-full wp-image-2936\" title=\"circus2\" src=\"http:\/\/blog.ecift.com\/wp-content\/uploads\/2012\/03\/elif3.png\" alt=\"\" width=\"574\" height=\"316\" srcset=\"https:\/\/blog.ecift.com\/wp-content\/uploads\/2012\/03\/elif3.png 638w, https:\/\/blog.ecift.com\/wp-content\/uploads\/2012\/03\/elif3-300x165.png 300w\" sizes=\"auto, (max-width: 574px) 100vw, 574px\" \/><\/p>\n<p><img loading=\"lazy\" decoding=\"async\" class=\"aligncenter size-full wp-image-2937\" title=\"circus3\" src=\"http:\/\/blog.ecift.com\/wp-content\/uploads\/2012\/03\/elif4.png\" alt=\"\" width=\"578\" height=\"314\" srcset=\"https:\/\/blog.ecift.com\/wp-content\/uploads\/2012\/03\/elif4.png 642w, https:\/\/blog.ecift.com\/wp-content\/uploads\/2012\/03\/elif4-300x163.png 300w\" sizes=\"auto, (max-width: 578px) 100vw, 578px\" \/><\/p>\n<p><img loading=\"lazy\" decoding=\"async\" class=\"aligncenter size-full wp-image-2938\" title=\"circus4\" src=\"http:\/\/blog.ecift.com\/wp-content\/uploads\/2012\/03\/elif6.png\" alt=\"\" width=\"572\" height=\"315\" srcset=\"https:\/\/blog.ecift.com\/wp-content\/uploads\/2012\/03\/elif6.png 636w, https:\/\/blog.ecift.com\/wp-content\/uploads\/2012\/03\/elif6-300x165.png 300w\" sizes=\"auto, (max-width: 572px) 100vw, 572px\" \/><\/p>\n","protected":false},"excerpt":{"rendered":"<p>&nbsp; \u015eeker gibi bir m\u00fczik videosu, \u201cCircus Love\u201d, Elif \u00c7a\u011flar\u2019\u0131n \u201cM-U-S-I-C\u201d isimli alb\u00fcm\u00fcn\u00fcn ilk videosu. Elif \u00c7a\u011flar ile hen\u00fcz tan\u0131\u015fmad\u0131ysan\u0131z \u015fimdi tam vakti.<\/p>\n","protected":false},"author":1,"featured_media":2936,"comment_status":"closed","ping_status":"closed","sticky":false,"template":"","format":"standard","meta":{"footnotes":""},"categories":[5],"tags":[984,22,77,293,394,193,393,49,395,46,396,397,383,55],"class_list":["post-2934","post","type-post","status-publish","format-standard","has-post-thumbnail","hentry","category-ruh","tag-arkadaslik-sitesi","tag-ask","tag-caz","tag-ciddi-iliski","tag-circus-love","tag-ecift","tag-elif-caglar","tag-kek","tag-m-u-s-i-c","tag-muzik","tag-sekerleme","tag-sirk","tag-tatli","tag-video"],"aioseo_notices":[],"_links":{"self":[{"href":"https:\/\/blog.ecift.com\/index.php\/wp-json\/wp\/v2\/posts\/2934","targetHints":{"allow":["GET"]}}],"collection":[{"href":"https:\/\/blog.ecift.com\/index.php\/wp-json\/wp\/v2\/posts"}],"about":[{"href":"https:\/\/blog.ecift.com\/index.php\/wp-json\/wp\/v2\/types\/post"}],"author":[{"embeddable":true,"href":"https:\/\/blog.ecift.com\/index.php\/wp-json\/wp\/v2\/users\/1"}],"replies":[{"embeddable":true,"href":"https:\/\/blog.ecift.com\/index.php\/wp-json\/wp\/v2\/comments?post=2934"}],"version-history":[{"count":21,"href":"https:\/\/blog.ecift.com\/index.php\/wp-json\/wp\/v2\/posts\/2934\/revisions"}],"predecessor-version":[{"id":11760,"href":"https:\/\/blog.ecift.com\/index.php\/wp-json\/wp\/v2\/posts\/2934\/revisions\/11760"}],"wp:featuredmedia":[{"embeddable":true,"href":"https:\/\/blog.ecift.com\/index.php\/wp-json\/wp\/v2\/media\/2936"}],"wp:attachment":[{"href":"https:\/\/blog.ecift.com\/index.php\/wp-json\/wp\/v2\/media?parent=2934"}],"wp:term":[{"taxonomy":"category","embeddable":true,"href":"https:\/\/blog.ecift.com\/index.php\/wp-json\/wp\/v2\/categories?post=2934"},{"taxonomy":"post_tag","embeddable":true,"href":"https:\/\/blog.ecift.com\/index.php\/wp-json\/wp\/v2\/tags?post=2934"}],"curies":[{"name":"wp","href":"https:\/\/api.w.org\/{rel}","templated":true}]}}