{"id":2803,"date":"2012-03-08T14:53:34","date_gmt":"2012-03-08T12:53:34","guid":{"rendered":"http:\/\/blog.ecift.com\/?p=2803"},"modified":"2021-07-28T17:15:25","modified_gmt":"2021-07-28T14:15:25","slug":"8mart","status":"publish","type":"post","link":"https:\/\/blog.ecift.com\/index.php\/2012\/03\/08\/8mart\/","title":{"rendered":"D\u00fcnya Kad\u0131nlar G\u00fcn\u00fcn\u00fcz Kutlu Olsun!"},"content":{"rendered":"<p>&nbsp;<\/p>\n<p><img loading=\"lazy\" decoding=\"async\" class=\"aligncenter size-full wp-image-2804\" title=\"D\u00fcnya Kad\u0131nlar G\u00fcn\u00fc\" src=\"http:\/\/blog.ecift.com\/wp-content\/uploads\/2012\/03\/0cb0fd20691511e1a87612313804ec91_7.jpg\" alt=\"\" width=\"612\" height=\"612\" srcset=\"https:\/\/blog.ecift.com\/wp-content\/uploads\/2012\/03\/0cb0fd20691511e1a87612313804ec91_7.jpg 612w, https:\/\/blog.ecift.com\/wp-content\/uploads\/2012\/03\/0cb0fd20691511e1a87612313804ec91_7-50x50.jpg 50w, https:\/\/blog.ecift.com\/wp-content\/uploads\/2012\/03\/0cb0fd20691511e1a87612313804ec91_7-300x300.jpg 300w\" sizes=\"auto, (max-width: 612px) 100vw, 612px\" \/><br \/>\n&nbsp;<br \/>\nBug\u00fcn D\u00fcnya Kad\u0131nlar G\u00fcn\u00fc!<br \/>\nT\u00fcrkiye&#8217;de 1921 y\u0131l\u0131nda &#8220;Emek\u00e7i Kad\u0131nlar G\u00fcn\u00fc&#8221; olarak kutlanmaya ba\u015flayan 8 Mart&#8217;\u0131n neden kad\u0131nlara ayr\u0131ld\u0131\u011f\u0131n\u0131 biliyor musunuz?<\/p>\n<p>1857 y\u0131l\u0131n\u0131n 8 Mart g\u00fcn\u00fc ABD&#8217;nin New York \u015fehrinde daha iyi \u00e7al\u0131\u015fma ko\u015fullar\u0131 talep eden i\u015f\u00e7ilerin greve ba\u015flad\u0131\u011f\u0131 tarih olarak kay\u0131tlara ge\u00e7ti. Bu grevi \u00f6zel k\u0131lan ise devam\u0131nda ya\u015fanan \u00fcz\u00fcc\u00fc olaylar.<br \/>\n<!--more--><br \/>\nDokuma fabrikas\u0131n\u0131n 40.000 kadar i\u015f\u00e7isini grevi b\u0131rakmalar\u0131 i\u00e7in ikna etmeye \u00e7al\u0131\u015fan polislerle kar\u015f\u0131 kar\u015f\u0131ya geldi. Polisin \u015fiddet ile m\u00fcdahalesi \u00fcst\u00fcne fabrikaya kitlenen i\u015f\u00e7iler, yang\u0131n \u00e7\u0131k\u0131nca fabrika \u00f6n\u00fcne kurulan barikatlar\u0131 a\u015fmakta zorland\u0131.<br \/>\n\u00c7o\u011fu kad\u0131n 129 i\u015f\u00e7inin hayat\u0131n\u0131 kaybetmesi \u00a0b\u00fcy\u00fck tepki \u00e7ekti.<\/p>\n<p>Haklar\u0131n\u0131 ararken b\u00f6yle a\u011f\u0131r bir bedel \u00f6deyen kad\u0131nlar\u0131n unutulmamas\u0131 i\u00e7in 1910 y\u0131l\u0131nda 2. Enternasyonel&#8217;e ba\u011fl\u0131 olarak d\u00fczenlenen\u00a0Uluslararas\u0131 Sosyalist Kad\u0131nlar Konferans\u0131&#8217;nda bu g\u00fcn\u00fcn &#8220;D\u00fcnya Kad\u0131nlar G\u00fcn\u00fc&#8221; olarak kutlanmas\u0131 kararla\u015ft\u0131r\u0131ld\u0131.<\/p>\n<p>1977&#8217;de Birle\u015fmi\u015f Milletler Genel Kurulu taraf\u0131ndan da \u00a0&#8220;D\u00fcnya Kad\u0131nlar G\u00fcn\u00fc&#8221; olarak kutlanmas\u0131 kabul edilen\u00a08 Mart,\u00a0T\u00fcrkiye dahil bir\u00e7ok \u00fclkede yayg\u0131n olarak kutlan\u0131yor.<\/p>\n<p>Ancak, hayat\u0131m\u0131z boyunca \u00f6nemli konumlarda bulunan kad\u0131nlar\u0131 an\u0131p kutlad\u0131\u011f\u0131m\u0131z bu g\u00fcn\u00fcn anlam\u0131n\u0131 sapt\u0131rmamak gerekiyor. Onlar\u0131 minik jestlerle sevindirmek yerinde olsa da gereksiz harcama ve abart\u0131l\u0131 hediyelerden ka\u00e7\u0131nmak daha do\u011fru olacakt\u0131r. Bu g\u00fcn\u00fc kutlamam\u0131za sebep olan talihsiz olay\u0131 da hat\u0131rlay\u0131nca g\u00fcn daha da anlam kazan\u0131yor.<br \/>\n&nbsp;<br \/>\n&nbsp;<br \/>\n&nbsp;<\/p>\n","protected":false},"excerpt":{"rendered":"<p>&nbsp; &nbsp; Bug\u00fcn D\u00fcnya Kad\u0131nlar G\u00fcn\u00fc! T\u00fcrkiye&#8217;de 1921 y\u0131l\u0131nda &#8220;Emek\u00e7i Kad\u0131nlar G\u00fcn\u00fc&#8221; olarak kutlanmaya ba\u015flayan 8 Mart&#8217;\u0131n neden kad\u0131nlara ayr\u0131ld\u0131\u011f\u0131n\u0131 biliyor musunuz? 1857 y\u0131l\u0131n\u0131n 8 Mart g\u00fcn\u00fc ABD&#8217;nin New York \u015fehrinde daha iyi \u00e7al\u0131\u015fma ko\u015fullar\u0131 talep eden i\u015f\u00e7ilerin greve ba\u015flad\u0131\u011f\u0131 tarih olarak kay\u0131tlara ge\u00e7ti. Bu grevi \u00f6zel k\u0131lan ise devam\u0131nda ya\u015fanan \u00fcz\u00fcc\u00fc olaylar.<\/p>\n","protected":false},"author":1,"featured_media":2804,"comment_status":"closed","ping_status":"closed","sticky":false,"template":"","format":"standard","meta":{"footnotes":""},"categories":[5],"tags":[361,985,22,293,362,193,360,363],"class_list":["post-2803","post","type-post","status-publish","format-standard","has-post-thumbnail","hentry","category-ruh","tag-8-mart","tag-arkdaslik-sitesi","tag-ask","tag-ciddi-iliski","tag-dunya-kadinlar-gunu","tag-ecift","tag-kadinlar-gunu","tag-kadinlar-gununun-hikayesi"],"aioseo_notices":[],"_links":{"self":[{"href":"https:\/\/blog.ecift.com\/index.php\/wp-json\/wp\/v2\/posts\/2803","targetHints":{"allow":["GET"]}}],"collection":[{"href":"https:\/\/blog.ecift.com\/index.php\/wp-json\/wp\/v2\/posts"}],"about":[{"href":"https:\/\/blog.ecift.com\/index.php\/wp-json\/wp\/v2\/types\/post"}],"author":[{"embeddable":true,"href":"https:\/\/blog.ecift.com\/index.php\/wp-json\/wp\/v2\/users\/1"}],"replies":[{"embeddable":true,"href":"https:\/\/blog.ecift.com\/index.php\/wp-json\/wp\/v2\/comments?post=2803"}],"version-history":[{"count":7,"href":"https:\/\/blog.ecift.com\/index.php\/wp-json\/wp\/v2\/posts\/2803\/revisions"}],"predecessor-version":[{"id":4629,"href":"https:\/\/blog.ecift.com\/index.php\/wp-json\/wp\/v2\/posts\/2803\/revisions\/4629"}],"wp:featuredmedia":[{"embeddable":true,"href":"https:\/\/blog.ecift.com\/index.php\/wp-json\/wp\/v2\/media\/2804"}],"wp:attachment":[{"href":"https:\/\/blog.ecift.com\/index.php\/wp-json\/wp\/v2\/media?parent=2803"}],"wp:term":[{"taxonomy":"category","embeddable":true,"href":"https:\/\/blog.ecift.com\/index.php\/wp-json\/wp\/v2\/categories?post=2803"},{"taxonomy":"post_tag","embeddable":true,"href":"https:\/\/blog.ecift.com\/index.php\/wp-json\/wp\/v2\/tags?post=2803"}],"curies":[{"name":"wp","href":"https:\/\/api.w.org\/{rel}","templated":true}]}}