{"id":265,"date":"2011-10-13T13:02:50","date_gmt":"2011-10-13T10:02:50","guid":{"rendered":"http:\/\/blog.ecift.com\/?p=265"},"modified":"2021-07-28T17:15:42","modified_gmt":"2021-07-28T14:15:42","slug":"paris-moda-haftasi-muzikleri","status":"publish","type":"post","link":"https:\/\/blog.ecift.com\/index.php\/2011\/10\/13\/paris-moda-haftasi-muzikleri\/","title":{"rendered":"Paris Moda Haftas\u0131 M\u00fczikleri"},"content":{"rendered":"<p><\/p>\n<p>\u00a0<img loading=\"lazy\" decoding=\"async\" class=\"aligncenter size-large wp-image-528\" title=\"PFW\" src=\"http:\/\/blog.ecift.com\/wp-content\/uploads\/2011\/10\/paris-fw-1024x505.png\" alt=\"\" width=\"590\" height=\"290\" srcset=\"https:\/\/blog.ecift.com\/wp-content\/uploads\/2011\/10\/paris-fw-1024x505.png 1024w, https:\/\/blog.ecift.com\/wp-content\/uploads\/2011\/10\/paris-fw-300x147.png 300w, https:\/\/blog.ecift.com\/wp-content\/uploads\/2011\/10\/paris-fw.png 1192w\" sizes=\"auto, (max-width: 590px) 100vw, 590px\" \/><br \/>\n<\/p>\n<p>M\u00fczik hayat\u0131n her alan\u0131nda oldu\u011fu gibi modan\u0131n da vazge\u00e7ilmezi.<\/p>\n<p>27 Eyl\u00fcl &#8211; 5 Ekim aras\u0131nda ger\u00e7ekle\u015fen <a href=\"http:\/\/www.parisfashionweek.com\/\" title=\"Paris Moda Haftas\u0131 - Koleksiyonlar\" target=\"_blank\" rel=\"noopener noreferrer\">Paris Moda Haftas\u0131<\/a>&#8216;nda da defileleri izleyenler m\u00fczi\u011fin en \u00e7e\u015fitlisine tan\u0131k oldu.<\/p>\n<p>O koca se\u00e7kiden birka\u00e7 tane ay\u0131r\u0131p tad\u0131ml\u0131k bir liste haz\u0131rlad\u0131k. Belki dinlerken kendimizi bir an i\u00e7in Paris&#8217;in g\u00f6be\u011finde buluruz diye.<\/p>\n<p><!--more--><\/p>\n<p>Buyrun!<\/p>\n<p><\/p>\n<p><center><object width=\"250\" height=\"250\" classid=\"clsid:d27cdb6e-ae6d-11cf-96b8-444553540000\" codebase=\"http:\/\/download.macromedia.com\/pub\/shockwave\/cabs\/flash\/swflash.cab#version=6,0,40,0\"><param name=\"wmode\" value=\"window\" \/><param name=\"allowScriptAccess\" value=\"always\" \/><param name=\"flashvars\" value=\"hostname=cowbell.grooveshark.com&amp;playlistID=61562620&amp;bbg=000000&amp;bth=000000&amp;pfg=000000&amp;lfg=000000&amp;bt=FFFFFF&amp;pbg=FFFFFF&amp;pfgh=FFFFFF&amp;si=FFFFFF&amp;lbg=FFFFFF&amp;lfgh=FFFFFF&amp;sb=FFFFFF&amp;bfg=666666&amp;pbgh=666666&amp;lbgh=666666&amp;sbh=666666&amp;p=0\" \/><param name=\"src\" value=\"http:\/\/grooveshark.com\/widget.swf\" \/><param name=\"allowscriptaccess\" value=\"always\" \/><embed width=\"250\" height=\"250\" type=\"application\/x-shockwave-flash\" src=\"http:\/\/grooveshark.com\/widget.swf\" wmode=\"window\" allowScriptAccess=\"always\" flashvars=\"hostname=cowbell.grooveshark.com&amp;playlistID=61562620&amp;bbg=000000&amp;bth=000000&amp;pfg=000000&amp;lfg=000000&amp;bt=FFFFFF&amp;pbg=FFFFFF&amp;pfgh=FFFFFF&amp;si=FFFFFF&amp;lbg=FFFFFF&amp;lfgh=FFFFFF&amp;sb=FFFFFF&amp;bfg=666666&amp;pbgh=666666&amp;lbgh=666666&amp;sbh=666666&amp;p=0\" allowscriptaccess=\"always\" \/><\/object><\/center><\/p>\n<p><\/p>\n","protected":false},"excerpt":{"rendered":"<p>\u00a0 M\u00fczik hayat\u0131n her alan\u0131nda oldu\u011fu gibi modan\u0131n da vazge\u00e7ilmezi. 27 Eyl\u00fcl &#8211; 5 Ekim aras\u0131nda ger\u00e7ekle\u015fen Paris Moda Haftas\u0131&#8216;nda da defileleri izleyenler m\u00fczi\u011fin en \u00e7e\u015fitlisine tan\u0131k oldu. O koca se\u00e7kiden birka\u00e7 tane ay\u0131r\u0131p tad\u0131ml\u0131k bir liste haz\u0131rlad\u0131k. Belki dinlerken kendimizi bir an i\u00e7in Paris&#8217;in g\u00f6be\u011finde buluruz diye.<\/p>\n","protected":false},"author":1,"featured_media":976,"comment_status":"closed","ping_status":"closed","sticky":false,"template":"","format":"standard","meta":{"footnotes":""},"categories":[5],"tags":[984,22,293,193,39,46,45,47],"class_list":["post-265","post","type-post","status-publish","format-standard","has-post-thumbnail","hentry","category-ruh","tag-arkadaslik-sitesi","tag-ask","tag-ciddi-iliski","tag-ecift","tag-moda","tag-muzik","tag-paris-moda-haftasi","tag-playlist"],"aioseo_notices":[],"_links":{"self":[{"href":"https:\/\/blog.ecift.com\/index.php\/wp-json\/wp\/v2\/posts\/265","targetHints":{"allow":["GET"]}}],"collection":[{"href":"https:\/\/blog.ecift.com\/index.php\/wp-json\/wp\/v2\/posts"}],"about":[{"href":"https:\/\/blog.ecift.com\/index.php\/wp-json\/wp\/v2\/types\/post"}],"author":[{"embeddable":true,"href":"https:\/\/blog.ecift.com\/index.php\/wp-json\/wp\/v2\/users\/1"}],"replies":[{"embeddable":true,"href":"https:\/\/blog.ecift.com\/index.php\/wp-json\/wp\/v2\/comments?post=265"}],"version-history":[{"count":33,"href":"https:\/\/blog.ecift.com\/index.php\/wp-json\/wp\/v2\/posts\/265\/revisions"}],"predecessor-version":[{"id":11836,"href":"https:\/\/blog.ecift.com\/index.php\/wp-json\/wp\/v2\/posts\/265\/revisions\/11836"}],"wp:featuredmedia":[{"embeddable":true,"href":"https:\/\/blog.ecift.com\/index.php\/wp-json\/wp\/v2\/media\/976"}],"wp:attachment":[{"href":"https:\/\/blog.ecift.com\/index.php\/wp-json\/wp\/v2\/media?parent=265"}],"wp:term":[{"taxonomy":"category","embeddable":true,"href":"https:\/\/blog.ecift.com\/index.php\/wp-json\/wp\/v2\/categories?post=265"},{"taxonomy":"post_tag","embeddable":true,"href":"https:\/\/blog.ecift.com\/index.php\/wp-json\/wp\/v2\/tags?post=265"}],"curies":[{"name":"wp","href":"https:\/\/api.w.org\/{rel}","templated":true}]}}