{"id":1902,"date":"2011-12-16T10:37:21","date_gmt":"2011-12-16T08:37:21","guid":{"rendered":"http:\/\/blog.ecift.com\/?p=1902"},"modified":"2024-05-24T13:47:24","modified_gmt":"2024-05-24T10:47:24","slug":"ecift-instagramda","status":"publish","type":"post","link":"https:\/\/blog.ecift.com\/index.php\/2011\/12\/16\/ecift-instagramda\/","title":{"rendered":"e\u00c7ift, Instagram&#8217;da!"},"content":{"rendered":"<p>&nbsp;<br \/>\n<img loading=\"lazy\" decoding=\"async\" class=\"aligncenter size-full wp-image-1906\" title=\"instagram\" src=\"http:\/\/blog.ecift.com\/wp-content\/uploads\/2011\/12\/\u0131nss.jpg\" alt=\"\" width=\"490\" height=\"490\" srcset=\"https:\/\/blog.ecift.com\/wp-content\/uploads\/2011\/12\/\u0131nss.jpg 612w, https:\/\/blog.ecift.com\/wp-content\/uploads\/2011\/12\/\u0131nss-50x50.jpg 50w, https:\/\/blog.ecift.com\/wp-content\/uploads\/2011\/12\/\u0131nss-300x300.jpg 300w\" sizes=\"auto, (max-width: 490px) 100vw, 490px\" \/><br \/>\n&nbsp;<\/p>\n<p>Art\u0131k, e\u00c7ift&#8217;i iPhone&#8217;un pop\u00fcler uygulamas\u0131 Instagram&#8217;dan da takip edebilirsiniz. \u00d6zel filtreleriyle foto\u011fraf d\u00fczenlemeyi ve sosyal medya hesaplar\u0131nda payla\u015fmay\u0131 sa\u011flayan Instagram, ge\u00e7ti\u011fimiz g\u00fcnlerde Apple taraf\u0131ndan y\u0131l\u0131n uygulamas\u0131 <a title=\"Techcrunch Haberi \" href=\"http:\/\/techcrunch.com\/2011\/12\/08\/apple-picks-instagram-as-the-iphone-app-of-the-year\/\" target=\"_blank\" rel=\"noopener noreferrer\">se\u00e7ildi<\/a>. Biz de eksik kalmayal\u0131m dedik ve a\u015fk foto\u011fraflar\u0131m\u0131z\u0131 be\u011feninize sunmaya ba\u015flad\u0131k.<\/p>\n<p><!--more--><\/p>\n<p>iPhone&#8217;um yok diyorsan\u0131z hi\u00e7 sorun de\u011fil. Bizi Facebook sayfam\u0131zdaki &#8220;<a title=\"e\u00c7ift Facebook - Instagram Foto\u011fraflar\u0131\" href=\"https:\/\/www.facebook.com\/eciftcom?sk=app_267091300008193\" target=\"_blank\" rel=\"noopener noreferrer\">Instagram Foto\u011fraflar\u0131<\/a>&#8221; sekmesinden ya da <a title=\"e\u00c7ift Statigram Sayfas\u0131\" href=\"http:\/\/statigr.am\/ecift\" target=\"_blank\" rel=\"noopener noreferrer\">Statigram<\/a> sayfam\u0131zdan takip edebilirsiniz.<\/p>\n<p>&nbsp;<br \/>\n&nbsp;<\/p>\n<p><img loading=\"lazy\" decoding=\"async\" class=\"size-full wp-image-1904 alignleft\" title=\"2. ya\u015f\" src=\"http:\/\/blog.ecift.com\/wp-content\/uploads\/2011\/12\/a8cfe33020d911e180c9123138016265_7.jpg\" alt=\"\" width=\"245\" height=\"245\" srcset=\"https:\/\/blog.ecift.com\/wp-content\/uploads\/2011\/12\/a8cfe33020d911e180c9123138016265_7.jpg 245w, https:\/\/blog.ecift.com\/wp-content\/uploads\/2011\/12\/a8cfe33020d911e180c9123138016265_7-50x50.jpg 50w\" sizes=\"auto, (max-width: 245px) 100vw, 245px\" \/><\/p>\n<p><img loading=\"lazy\" decoding=\"async\" class=\"size-full wp-image-1905 aligncenter\" title=\"instagram\" src=\"http:\/\/blog.ecift.com\/wp-content\/uploads\/2011\/12\/c4cfb9ca259d11e1abb01231381b65e3_7.jpg\" alt=\"\" width=\"245\" height=\"245\" srcset=\"https:\/\/blog.ecift.com\/wp-content\/uploads\/2011\/12\/c4cfb9ca259d11e1abb01231381b65e3_7.jpg 245w, https:\/\/blog.ecift.com\/wp-content\/uploads\/2011\/12\/c4cfb9ca259d11e1abb01231381b65e3_7-50x50.jpg 50w\" sizes=\"auto, (max-width: 245px) 100vw, 245px\" \/><\/p>\n<p>&nbsp;<\/p>\n","protected":false},"excerpt":{"rendered":"<p>&nbsp; &nbsp; Art\u0131k, e\u00c7ift&#8217;i iPhone&#8217;un pop\u00fcler uygulamas\u0131 Instagram&#8217;dan da takip edebilirsiniz. \u00d6zel filtreleriyle foto\u011fraf d\u00fczenlemeyi ve sosyal medya hesaplar\u0131nda payla\u015fmay\u0131 sa\u011flayan Instagram, ge\u00e7ti\u011fimiz g\u00fcnlerde Apple taraf\u0131ndan y\u0131l\u0131n uygulamas\u0131 se\u00e7ildi. Biz de eksik kalmayal\u0131m dedik ve a\u015fk foto\u011fraflar\u0131m\u0131z\u0131 be\u011feninize sunmaya ba\u015flad\u0131k.<\/p>\n","protected":false},"author":1,"featured_media":1906,"comment_status":"closed","ping_status":"closed","sticky":false,"template":"","format":"standard","meta":{"footnotes":""},"categories":[1],"tags":[28,984,22,293,193,182,204,80],"class_list":["post-1902","post","type-post","status-publish","format-standard","has-post-thumbnail","hentry","category-ask","tag-apple","tag-arkadaslik-sitesi","tag-ask","tag-ciddi-iliski","tag-ecift","tag-fotograf","tag-instagram","tag-iphone"],"aioseo_notices":[],"_links":{"self":[{"href":"https:\/\/blog.ecift.com\/index.php\/wp-json\/wp\/v2\/posts\/1902","targetHints":{"allow":["GET"]}}],"collection":[{"href":"https:\/\/blog.ecift.com\/index.php\/wp-json\/wp\/v2\/posts"}],"about":[{"href":"https:\/\/blog.ecift.com\/index.php\/wp-json\/wp\/v2\/types\/post"}],"author":[{"embeddable":true,"href":"https:\/\/blog.ecift.com\/index.php\/wp-json\/wp\/v2\/users\/1"}],"replies":[{"embeddable":true,"href":"https:\/\/blog.ecift.com\/index.php\/wp-json\/wp\/v2\/comments?post=1902"}],"version-history":[{"count":12,"href":"https:\/\/blog.ecift.com\/index.php\/wp-json\/wp\/v2\/posts\/1902\/revisions"}],"predecessor-version":[{"id":11805,"href":"https:\/\/blog.ecift.com\/index.php\/wp-json\/wp\/v2\/posts\/1902\/revisions\/11805"}],"wp:featuredmedia":[{"embeddable":true,"href":"https:\/\/blog.ecift.com\/index.php\/wp-json\/wp\/v2\/media\/1906"}],"wp:attachment":[{"href":"https:\/\/blog.ecift.com\/index.php\/wp-json\/wp\/v2\/media?parent=1902"}],"wp:term":[{"taxonomy":"category","embeddable":true,"href":"https:\/\/blog.ecift.com\/index.php\/wp-json\/wp\/v2\/categories?post=1902"},{"taxonomy":"post_tag","embeddable":true,"href":"https:\/\/blog.ecift.com\/index.php\/wp-json\/wp\/v2\/tags?post=1902"}],"curies":[{"name":"wp","href":"https:\/\/api.w.org\/{rel}","templated":true}]}}