{"id":13454,"date":"2022-04-23T13:30:52","date_gmt":"2022-04-23T10:30:52","guid":{"rendered":"https:\/\/blog.ecift.com\/?p=13454"},"modified":"2024-05-24T13:41:36","modified_gmt":"2024-05-24T10:41:36","slug":"23-nisan-icimdekicocuk-hic-gitmedi","status":"publish","type":"post","link":"https:\/\/blog.ecift.com\/index.php\/2022\/04\/23\/23-nisan-icimdekicocuk-hic-gitmedi\/","title":{"rendered":"23 Nisan #\u0130\u00e7imdeki\u00c7ocuk Hi\u00e7 Gitmedi!"},"content":{"rendered":"\n<p><\/p>\n\n\n\n<p class=\"has-text-align-center\">Herkes i\u00e7inde bir \u00e7ocukla b\u00fcy\u00fcr! Fakat \u00e7o\u011fu insan bu \u00e7ocu\u011fu zamanla unutur! Zamanla onu duymaz olur, hayallerini unutur, heveslerini, <a href=\"http:\/\/www.ecift.com\">umutlar\u0131n\u0131 <\/a>bir kenara b\u0131rak\u0131r i\u00e7indeki \u00e7ocu\u011fun! \u0130\u00e7inizde bir yerlerde unutulmu\u015f k\u00fc\u00e7\u00fck bir \u00e7ocuk var. Fark edilmeyi bekleyen, duyulmay\u0131, g\u00f6r\u00fclmeyi, sevilmeyi isteyen. K\u0131r\u0131lm\u0131\u015f ruhunuzun i\u00e7ine hapsetti\u011fi, o k\u00fc\u00e7\u00fck \u00e7ocu\u011fa bug\u00fcn merhaba demek istemez misiniz ? \u00d6ncelikle bize \u00e7ocuklu\u011fumuz hat\u0131rlatan o muhte\u015fem g\u00fcn<a href=\"http:\/\/www.ecift.com\"> <strong>&#8221;23 Nisan nedir? &#8221;<\/strong><\/a> a\u00e7\u0131klayarak ba\u015flamak istiyoruz yaz\u0131m\u0131za!<\/p>\n\n\n\n<p class=\"has-text-align-center\"><strong>23 N\u0130SAN , ANLAMI VE \u00d6NEM\u0130 NE?<\/strong><\/p>\n\n\n\n<p class=\"has-text-align-center\">Ulu \u00d6nderimiz Atat\u00fcrk\u2019\u00fcn d\u00fcnya \u00e7ocuklar\u0131na arma\u011fan etti\u011fi 23 Nisan Ulusal Egemenlik ve \u00c7ocuk Bayram\u0131n\u0131n bu y\u0131l 102. Y\u0131l\u0131n\u0131 kutluyoruz. Peki, 23 Nisan tarih\u00e7esini bilmeyen var m\u0131 ? \u0130\u015fte, 23 Nisan&#8217;\u0131n ortaya \u00e7\u0131k\u0131\u015f hikayesi.. <\/p>\n\n\n\n<p>23 Nisan 1920,B\u00fcy\u00fck Millet Meclisi&#8217;nin a\u00e7\u0131ld\u0131\u011f\u0131 ve T\u00fcrk halk\u0131n\u0131n egemenli\u011fini il\u00e2n etti\u011fi tarihtir. Atat\u00fcrk, 23 Nisan 1924&#8217;te &#8217;23 Nisan&#8217; g\u00fcn\u00fcn\u00fcn bayram olarak kutlanmas\u0131na karar vermi\u015ftir. Bu tarihten 5 y\u0131l sonra 23 Nisan 1929&#8217;da Atat\u00fcrk bu bayram\u0131 \u00e7ocuklara arma\u011fan etmi\u015ftir ve 23 Nisan ilk defa 1929 y\u0131l\u0131nda \u00c7ocuk Bayram\u0131 olarak da kutlanmaya ba\u015flanm\u0131\u015ft\u0131r.\u00a0 <strong>D\u00fcnya&#8217;da \u00e7ocuklara bayram hediye eden ve bu bayram\u0131 b\u00fct\u00fcn d\u00fcnya ile payla\u015fan ilk ve tek \u00fclke T\u00fcrkiye&#8217;dir! <\/strong><\/p>\n\n\n\n<p class=\"has-text-align-center\">Hayat \u00e7\u00f6z\u00fclmeye \u00e7al\u0131\u015f\u0131lan \u015fifrelerle dolu de\u011fil mi? \u0130\u015fte bu \u015fifrelerin en zor olan\u0131 da  i\u00e7indeki o \u00e7ocuksu co\u015fkuyu tekrar kazanma \u015fifresidir! Bir yerlerde sizin onu bulman\u0131z\u0131 bekleyen, masum \u00e7ocuklu\u011funuza art\u0131k <strong><a href=\"http:\/\/www.ecift.com\">&#8221;merhaba&#8221;<\/a><\/strong> deme vaktiniz gelmedi mi? Baz\u0131 insan ise asla o masum \u00e7ocu\u011fu \u00f6ld\u00fcrmez, uyutmaz ve susturmaz! Hayat\u0131n\u0131n her bir alan\u0131nda onu ya\u015fat\u0131r ve hat\u0131rlar. Mutlulu\u011funu onunla payla\u015f\u0131r. Bazen kazand\u0131\u011f\u0131 bir \u00f6d\u00fcl\u00fc ona ithaf eder , bazen onun istedi\u011fi hayali yapmak i\u00e7in \u00e7abalar! Ne mutlu i\u00e7inde ki \u00e7ocu\u011fu koruyan, hep seven ki\u015filere!<\/p>\n\n\n\n<p class=\"has-text-align-center\"><a href=\"http:\/\/www.ecift.com\">Sevin<\/a>, i\u00e7inizdeki k\u0131r\u0131lgan fakat yaramaz \u00e7ocu\u011fu. <a href=\"http:\/\/www.ecift.com\">Sever<\/a>, <a href=\"http:\/\/www.ecift.com\">a\u015f\u0131k olur<\/a>, sevilmez hatta  dar\u0131l\u0131r ya\u015famaya ve susar. Hayata k\u00fcsebilir kimi zaman, oysaki tek iste\u011fi hat\u0131rlanmakt\u0131r!<\/p>\n\n\n\n<div class=\"wp-block-image is-style-rounded\"><figure class=\"aligncenter size-large\"><img loading=\"lazy\" decoding=\"async\" width=\"1024\" height=\"576\" src=\"https:\/\/blog.ecift.com\/wp-content\/uploads\/2022\/04\/MART-36-1024x576.jpg\" alt=\"\" class=\"wp-image-13468\" srcset=\"https:\/\/blog.ecift.com\/wp-content\/uploads\/2022\/04\/MART-36-1024x576.jpg 1024w, https:\/\/blog.ecift.com\/wp-content\/uploads\/2022\/04\/MART-36-300x169.jpg 300w, https:\/\/blog.ecift.com\/wp-content\/uploads\/2022\/04\/MART-36-768x432.jpg 768w, https:\/\/blog.ecift.com\/wp-content\/uploads\/2022\/04\/MART-36-1536x864.jpg 1536w, https:\/\/blog.ecift.com\/wp-content\/uploads\/2022\/04\/MART-36-810x456.jpg 810w, https:\/\/blog.ecift.com\/wp-content\/uploads\/2022\/04\/MART-36-1140x641.jpg 1140w, https:\/\/blog.ecift.com\/wp-content\/uploads\/2022\/04\/MART-36.jpg 1600w\" sizes=\"auto, (max-width: 1024px) 100vw, 1024px\" \/><\/figure><\/div>\n\n\n\n<p class=\"has-text-align-center\">Hep haylaz bir \u00e7ocuk heyecan\u0131yla kal\u0131n! Ve o \u00e7ocu\u011fun sizi terk etmesine asla izin vermeyin! <\/p>\n\n\n\n<p><\/p>\n","protected":false},"excerpt":{"rendered":"<p>Herkes i\u00e7inde bir \u00e7ocukla b\u00fcy\u00fcr! Fakat \u00e7o\u011fu insan bu \u00e7ocu\u011fu zamanla unutur! Zamanla onu duymaz olur, hayallerini unutur, heveslerini, umutlar\u0131n\u0131 bir kenara b\u0131rak\u0131r i\u00e7indeki \u00e7ocu\u011fun! \u0130\u00e7inizde bir yerlerde unutulmu\u015f k\u00fc\u00e7\u00fck bir \u00e7ocuk var. Fark edilmeyi bekleyen, duyulmay\u0131, g\u00f6r\u00fclmeyi, sevilmeyi isteyen. K\u0131r\u0131lm\u0131\u015f ruhunuzun i\u00e7ine hapsetti\u011fi, o k\u00fc\u00e7\u00fck \u00e7ocu\u011fa bug\u00fcn merhaba demek istemez misiniz ? \u00d6ncelikle bize [&hellip;]<\/p>\n","protected":false},"author":2,"featured_media":13460,"comment_status":"closed","ping_status":"closed","sticky":false,"template":"","format":"standard","meta":{"footnotes":""},"categories":[1,2435,4,5,7,2277],"tags":[2590,2592,2482,2593,2591],"class_list":["post-13454","post","type-post","status-publish","format-standard","has-post-thumbnail","hentry","category-ask","category-ecift-arkadaslik-evlilik-anasayfa","category-kalp","category-ruh","category-sifa","category-yasam","tag-23nisan","tag-23nisankutluolsun","tag-cocuk","tag-hepcocukkalin","tag-icindekicocuk"],"aioseo_notices":[],"_links":{"self":[{"href":"https:\/\/blog.ecift.com\/index.php\/wp-json\/wp\/v2\/posts\/13454","targetHints":{"allow":["GET"]}}],"collection":[{"href":"https:\/\/blog.ecift.com\/index.php\/wp-json\/wp\/v2\/posts"}],"about":[{"href":"https:\/\/blog.ecift.com\/index.php\/wp-json\/wp\/v2\/types\/post"}],"author":[{"embeddable":true,"href":"https:\/\/blog.ecift.com\/index.php\/wp-json\/wp\/v2\/users\/2"}],"replies":[{"embeddable":true,"href":"https:\/\/blog.ecift.com\/index.php\/wp-json\/wp\/v2\/comments?post=13454"}],"version-history":[{"count":18,"href":"https:\/\/blog.ecift.com\/index.php\/wp-json\/wp\/v2\/posts\/13454\/revisions"}],"predecessor-version":[{"id":13476,"href":"https:\/\/blog.ecift.com\/index.php\/wp-json\/wp\/v2\/posts\/13454\/revisions\/13476"}],"wp:featuredmedia":[{"embeddable":true,"href":"https:\/\/blog.ecift.com\/index.php\/wp-json\/wp\/v2\/media\/13460"}],"wp:attachment":[{"href":"https:\/\/blog.ecift.com\/index.php\/wp-json\/wp\/v2\/media?parent=13454"}],"wp:term":[{"taxonomy":"category","embeddable":true,"href":"https:\/\/blog.ecift.com\/index.php\/wp-json\/wp\/v2\/categories?post=13454"},{"taxonomy":"post_tag","embeddable":true,"href":"https:\/\/blog.ecift.com\/index.php\/wp-json\/wp\/v2\/tags?post=13454"}],"curies":[{"name":"wp","href":"https:\/\/api.w.org\/{rel}","templated":true}]}}