{"id":12794,"date":"2022-04-08T03:01:00","date_gmt":"2022-04-08T00:01:00","guid":{"rendered":"https:\/\/blog.ecift.com\/?p=12794"},"modified":"2022-04-19T06:47:36","modified_gmt":"2022-04-19T03:47:36","slug":"fil-ile-guvercinin-evliligi-fridadiego","status":"publish","type":"post","link":"https:\/\/blog.ecift.com\/index.php\/2022\/04\/08\/fil-ile-guvercinin-evliligi-fridadiego\/","title":{"rendered":"\u2018\u2019Fil ile G\u00fcvercinin Evlili\u011fi\u2019\u2019 Frida&#038;Diego!"},"content":{"rendered":"\n<p>D\u00fcnyaca \u00fcnl\u00fc Meksikal\u0131 ressam, genelde sadece Frida ad\u0131yla da an\u0131l\u0131r. Tam ad\u0131 Magdalena Carmen Frida Kahlo Calderon olan \u00fcnl\u00fc bir ressamd\u0131r. Meksiko \u015fehrinin&nbsp;Coyoac\u00e1n b\u00f6lgesinde d\u00fcnyaya gelen Frida Kahlo, 47 y\u0131ll\u0131k ya\u015fam\u0131na ilgin\u00e7 bir hayat \u00f6yk\u00fcs\u00fc s\u0131\u011fd\u0131rd\u0131.&nbsp;Frida Kahlo a\u015fk\u0131yla unutulmazlar aras\u0131na girmeyi ba\u015farm\u0131\u015ft\u0131r. Kahlo&#8217;nun beden ac\u0131s\u0131 y\u00fcrek ac\u0131s\u0131n\u0131n yan\u0131nda hissedilmemi\u015f; y\u00fcre\u011fi yanarken sa\u011f aya\u011f\u0131n\u0131n ve omurgas\u0131n\u0131n ac\u0131s\u0131n\u0131 unutturmu\u015ftur. Frida ve Diego&#8217;nun ilgin\u00e7 a\u015fk hikayesini merak edilenler burada m\u0131 ?<\/p>\n\n\n<p style=\"text-align: left;\">&nbsp;Alt\u0131 ya\u015f\u0131nda ge\u00e7irdi\u011fi \u00e7ocuk felci y\u00fcz\u00fcnden bir baca\u011f\u0131 sakat kald\u0131. Bu y\u00fczden ona \u2018\u2019Tahta Bacak Frida\u2019\u2019 dediler. Bunun \u00fczerine 18 ya\u015f\u0131nda ge\u00e7irdi\u011fi bir otob\u00fcs kazas\u0131nda, otob\u00fcsle tren \u00e7arp\u0131\u015f\u0131nca Frida\u2019n\u0131n le\u011fen kemi\u011fine raylar\u0131n demir \u00e7ubuklar\u0131ndan biri sapland\u0131. Onlarca ameliyat ge\u00e7irdi.&nbsp; Bu d\u00f6nemde ya\u015fama tutunabilmek i\u00e7in kendini resim \u00e7izmeye adad\u0131.<\/p>\n<p style=\"text-align: left;\">Hasta yata\u011f\u0131nda ac\u0131lar i\u00e7inde resim yaparak umudunu ayakta tutmay\u0131 ba\u015fard\u0131. Y\u00fcr\u00fcmeye ba\u015flad\u0131. Bu d\u00f6nemde resim \u00e7izmeye devam etti. Daha sonra bir arkada\u015f\u0131 vas\u0131tas\u0131yla &nbsp;\u2018\u2019Meksikal\u0131 Michalangelo\u2019\u2019 olarak tan\u0131nan Diego Rivera ile tan\u0131\u015ft\u0131. \u0130li\u015fkileri resmin \u00f6tesine ge\u00e7ti ve romantik bir hal ald\u0131. Diego ile Frida evlendi.<\/p>\n<p style=\"text-align: center;\"><i>\u2019<strong>Seni sevmeye ba\u015flayal\u0131 \u00e7ok uzun zaman oldu. K\u00fc\u00e7\u00fck bir k\u0131z \u00e7ocu\u011fu idim, seni sevmeye ba\u015flad\u0131\u011f\u0131mda. \u015eimdi ise bedeni \u00e7\u00fcr\u00fcmeye ba\u015flayan ya\u015fl\u0131 bir kad\u0131n\u0131m. B\u00fct\u00fcn bedenler \u00e7\u00fcr\u00fcyor asl\u0131nda Diego\u2019m\u2019&nbsp;\u2018\u2019<\/strong><\/i><\/p>\n<p>Evlilikleri&nbsp;\u2018\u2019Fil ile g\u00fcvercinin evlili\u011fine\u2019\u2019 benzetildi. Bu d\u00f6nem Frida\u2019n\u0131n yapt\u0131\u011f\u0131 otoportreler milyonlarca dolara sat\u0131ld\u0131. Bu bu s\u0131rada \u00e7ocuk sahibi olmak isteselerde sa\u011fl\u0131k sorunlar\u0131 pe\u015flerini b\u0131rakmad\u0131 ve Frida art arda d\u00fc\u015f\u00fck yapt\u0131. Evlilikleri kar\u015f\u0131l\u0131kl\u0131 sadakatsizliklerle doluydu. \u00d6nce Diego, Frida\u2019y\u0131 aldatt\u0131. Ayr\u0131ld\u0131lar. 1 y\u0131l ge\u00e7tikten sonra yeniden evlendiler ve Frida\u2019n\u0131n \u00e7ocuklu\u011funu ge\u00e7irdi\u011fi&nbsp;\u2018\u2019Mavi Ev\u2019\u2019e ta\u015f\u0131nd\u0131lar.<\/p>\n<p>Frida ise e\u015fini defalarca ba\u015fkalar\u0131yla aldatm\u0131\u015ft\u0131r. Bunlardan biri de Rus devrimci Lev Tro\u00e7ki\u2019dir. Aralar\u0131nda ili\u015fkiyi Lev\u2019in e\u015fi duyunca ayr\u0131lm\u0131\u015flard\u0131r. Bir suikast sonucu Lev Tro\u00e7ki\u2019nin \u00f6lmesi \u00fczerine Frida, Diego\u2019nun yan\u0131na ta\u015f\u0131nm\u0131\u015ft\u0131r daha \u00f6nce bo\u015fanan \u00e7ift yeniden evlenmi\u015ftir.&nbsp;<\/p>\n<p style=\"text-align: center;\"><i>Eskiyor b\u00fct\u00fcn bedenler. Ama ac\u0131 \u00e7eken bir y\u00fcre\u011fi var ise bedenin, daha h\u0131zl\u0131 \u00e7\u00fcr\u00fcyor o beden.&nbsp;Benim ac\u0131 \u00e7eken bir y\u00fcre\u011fim var Diego. Seni sevmeye ba\u015flad\u0131\u011f\u0131m o g\u00fcnden beri, ac\u0131 \u00e7eken bir y\u00fcre\u011fim var. Beni anlamad\u0131n demeyece\u011fim. Beni anlad\u0131n. Zaten en dayan\u0131lmaz ac\u0131 buydu. Sen beni anlad\u0131n. Anlad\u0131\u011f\u0131n halde can\u0131m\u0131 yakt\u0131n Diego\u2026<\/i><\/p>\n<p style=\"text-align: center;\"><strong>Diego\u2019m i\u00e7in.<\/strong><\/p>\n<p style=\"text-align: center;\">D\u00fcnyalara sessizce hayat verenim, en \u00f6nemlisi yan\u0131lsama olmamas\u0131. G\u00fcn do\u011fumlar\u0131, dost k\u0131rm\u0131z\u0131lar, b\u00fcy\u00fck maviler, yaprak dolu eller, g\u00fcr\u00fclt\u00fcc\u00fc ku\u015flar, sa\u00e7ta parmaklar, g\u00fcvercin yuvalar\u0131, insan\u0131n m\u00fccadelesine dair ender bir kavray\u0131\u015f, sa\u00e7ma \u015fark\u0131n\u0131n basitli\u011fi, kalbimdeki r\u00fczgar\u0131n budalal\u0131\u011f\u0131 = uyak yapma k\u0131z\u0131m = antik Meksika\u2019n\u0131n tatl\u0131 \u00e7ikolatas\u0131, a\u011f\u0131zdan gelen kanda kopan f\u0131rt\u0131na \u2013&nbsp; kas\u0131lma, alamet, kahkaha ve incinin saf di\u015ften i\u011fneleri, Temmuzun yedisinde bir hediye, istiyorum, al\u0131yorum, \u015fark\u0131 s\u00f6yl\u00fcyorum, s\u00f6yledim, bundan b\u00f6yle bizim b\u00fcy\u00fcm\u00fcz\u00fcn \u015fark\u0131s\u0131n\u0131 s\u00f6yleyece\u011fim \u2013 a\u015fk\u0131m\u0131z\u0131.<\/p>\n<p style=\"text-align: center;\"><strong>Diego:<\/strong><\/p>\n<p style=\"text-align: center;\">Hi\u00e7bir \u015fey ellerinle k\u0131yaslanamaz, hi\u00e7bir \u015fey g\u00f6zlerinin alt\u0131n-ye\u015fili gibi de\u011fil. V\u00fccudum g\u00fcnlerdir seninle dolu. Sen gecenin aynas\u0131s\u0131n. \u015eiddetli bir \u015fim\u015fek \u00e7ak\u0131\u015f\u0131. Topra\u011f\u0131n nemi. Koltuk altlar\u0131n\u0131n oyu\u011fu benim s\u0131\u011f\u0131na\u011f\u0131m. Parmaklar\u0131m kan\u0131na de\u011fiyor. T\u00fcm sevincim \u00e7i\u00e7ek-\u00e7e\u015fmenden f\u0131\u015fk\u0131ran hayat\u0131 hissetmek ve sana ait t\u00fcm sinir yollar\u0131m\u0131 bununla doldurmak. Frida ve Diego a\u015fk\u0131n\u0131 sadece \u00f6l\u00fcm bitirebilirdi.. Ve \u00f6yle de oldu..<\/p>\n<p style=\"text-align: center;\"><a href=\"http:\/\/www.ecift.com\/\" target=\"_blank\" rel=\"noopener\" data-saferedirecturl=\"https:\/\/www.google.com\/url?q=http:\/\/www.ecift.com\/&amp;source=gmail&amp;ust=1650305414433000&amp;usg=AOvVaw2XQXpIENpiojbCEMAHQaBy\">w<\/a><a href=\"http:\/\/www.ecift.com\/\" target=\"_blank\" rel=\"noopener\" data-saferedirecturl=\"https:\/\/www.google.com\/url?q=http:\/\/www.ecift.com\/&amp;source=gmail&amp;ust=1650305414433000&amp;usg=AOvVaw2XQXpIENpiojbCEMAHQaBy\">ww<\/a>.<a href=\"http:\/\/www.ecift.com\/\" target=\"_blank\" rel=\"noopener\" data-saferedirecturl=\"https:\/\/www.google.com\/url?q=http:\/\/www.ecift.com\/&amp;source=gmail&amp;ust=1650305414433000&amp;usg=AOvVaw2XQXpIENpiojbCEMAHQaBy\">ecift.com<\/a> Unutulmayacak bir <a href=\"http:\/\/www.ecift.com\">a\u015fk<\/a> hikayeniz olmas\u0131 dile\u011fiyle&#8230;&nbsp;<\/p>\n\n\n<figure class=\"wp-block-image size-large is-style-rounded\"><img loading=\"lazy\" decoding=\"async\" width=\"1024\" height=\"576\" src=\"https:\/\/blog.ecift.com\/wp-content\/uploads\/2022\/04\/MART-7-1-1024x576.jpg\" alt=\"\" class=\"wp-image-12802\" srcset=\"https:\/\/blog.ecift.com\/wp-content\/uploads\/2022\/04\/MART-7-1-1024x576.jpg 1024w, https:\/\/blog.ecift.com\/wp-content\/uploads\/2022\/04\/MART-7-1-300x169.jpg 300w, https:\/\/blog.ecift.com\/wp-content\/uploads\/2022\/04\/MART-7-1-768x432.jpg 768w, https:\/\/blog.ecift.com\/wp-content\/uploads\/2022\/04\/MART-7-1-1536x864.jpg 1536w, https:\/\/blog.ecift.com\/wp-content\/uploads\/2022\/04\/MART-7-1-810x456.jpg 810w, https:\/\/blog.ecift.com\/wp-content\/uploads\/2022\/04\/MART-7-1-1140x641.jpg 1140w, https:\/\/blog.ecift.com\/wp-content\/uploads\/2022\/04\/MART-7-1.jpg 1600w\" sizes=\"auto, (max-width: 1024px) 100vw, 1024px\" \/><\/figure>\n","protected":false},"excerpt":{"rendered":"<p>D\u00fcnyaca \u00fcnl\u00fc Meksikal\u0131 ressam, genelde sadece Frida ad\u0131yla da an\u0131l\u0131r. Tam ad\u0131 Magdalena Carmen Frida Kahlo Calderon olan \u00fcnl\u00fc bir ressamd\u0131r. Meksiko \u015fehrinin&nbsp;Coyoac\u00e1n b\u00f6lgesinde d\u00fcnyaya gelen Frida Kahlo, 47 y\u0131ll\u0131k ya\u015fam\u0131na ilgin\u00e7 bir hayat \u00f6yk\u00fcs\u00fc s\u0131\u011fd\u0131rd\u0131.&nbsp;Frida Kahlo a\u015fk\u0131yla unutulmazlar aras\u0131na girmeyi ba\u015farm\u0131\u015ft\u0131r. Kahlo&#8217;nun beden ac\u0131s\u0131 y\u00fcrek ac\u0131s\u0131n\u0131n yan\u0131nda hissedilmemi\u015f; y\u00fcre\u011fi yanarken sa\u011f aya\u011f\u0131n\u0131n ve omurgas\u0131n\u0131n [&hellip;]<\/p>\n","protected":false},"author":2,"featured_media":12798,"comment_status":"closed","ping_status":"closed","sticky":false,"template":"","format":"standard","meta":{"footnotes":""},"categories":[2382,1,2383,2387,2435,4,5,2277],"tags":[2577,2574,2573,2572,2576],"class_list":["post-12794","post","type-post","status-publish","format-standard","has-post-thumbnail","hentry","category-arkadaslik","category-ask","category-evlilik","category-flort","category-ecift-arkadaslik-evlilik-anasayfa","category-kalp","category-ruh","category-yasam","tag-askacisi","tag-efsaneasklar","tag-filveguvercin","tag-fridadiego","tag-unutulmazasklar"],"aioseo_notices":[],"_links":{"self":[{"href":"https:\/\/blog.ecift.com\/index.php\/wp-json\/wp\/v2\/posts\/12794","targetHints":{"allow":["GET"]}}],"collection":[{"href":"https:\/\/blog.ecift.com\/index.php\/wp-json\/wp\/v2\/posts"}],"about":[{"href":"https:\/\/blog.ecift.com\/index.php\/wp-json\/wp\/v2\/types\/post"}],"author":[{"embeddable":true,"href":"https:\/\/blog.ecift.com\/index.php\/wp-json\/wp\/v2\/users\/2"}],"replies":[{"embeddable":true,"href":"https:\/\/blog.ecift.com\/index.php\/wp-json\/wp\/v2\/comments?post=12794"}],"version-history":[{"count":11,"href":"https:\/\/blog.ecift.com\/index.php\/wp-json\/wp\/v2\/posts\/12794\/revisions"}],"predecessor-version":[{"id":13050,"href":"https:\/\/blog.ecift.com\/index.php\/wp-json\/wp\/v2\/posts\/12794\/revisions\/13050"}],"wp:featuredmedia":[{"embeddable":true,"href":"https:\/\/blog.ecift.com\/index.php\/wp-json\/wp\/v2\/media\/12798"}],"wp:attachment":[{"href":"https:\/\/blog.ecift.com\/index.php\/wp-json\/wp\/v2\/media?parent=12794"}],"wp:term":[{"taxonomy":"category","embeddable":true,"href":"https:\/\/blog.ecift.com\/index.php\/wp-json\/wp\/v2\/categories?post=12794"},{"taxonomy":"post_tag","embeddable":true,"href":"https:\/\/blog.ecift.com\/index.php\/wp-json\/wp\/v2\/tags?post=12794"}],"curies":[{"name":"wp","href":"https:\/\/api.w.org\/{rel}","templated":true}]}}