{"id":12447,"date":"2022-03-04T18:18:29","date_gmt":"2022-03-04T15:18:29","guid":{"rendered":"https:\/\/blog.ecift.com\/?p=12447"},"modified":"2024-05-24T13:41:59","modified_gmt":"2024-05-24T10:41:59","slug":"2022-dunya-kadinlar-gunu-hangi-gune-denk-geliyor-iste-dunya-kadinlar-gunu-tarihi","status":"publish","type":"post","link":"https:\/\/blog.ecift.com\/index.php\/2022\/03\/04\/2022-dunya-kadinlar-gunu-hangi-gune-denk-geliyor-iste-dunya-kadinlar-gunu-tarihi\/","title":{"rendered":"2024 &#8216;D\u00fcnya Kad\u0131nlar G\u00fcn\u00fc&#8217; Hangi G\u00fcn?"},"content":{"rendered":"\n<p class=\"has-text-align-left\">D\u00fcnya Kad\u0131nlar G\u00fcn\u00fc her y\u0131l\u00a0<strong>8 Mart<\/strong>&#8216;ta kutlan\u0131yor. D\u00fcnya Kad\u0131nlar G\u00fcn\u00fc bu y\u0131l Cuma g\u00fcn\u00fcne denk geliyor.<\/p>\n\n\n\n<h2 class=\"wp-block-heading has-text-align-left has-medium-font-size\"><strong>KADINLAR G\u00dcN\u00dc NEDEN KUTLANIR?\nKADINLAR G\u00dcN\u00dc TAR\u0130H\u0130<\/strong><\/h2>\n\n\n\n<p class=\"has-text-align-left\">D\u00fcnya\nKad\u0131nlar G\u00fcn\u00fc ya da D\u00fcnya Emek\u00e7i Kad\u0131nlar G\u00fcn\u00fc her y\u0131l 8 Mart&#8217;ta kutlanan ve\nBirle\u015fmi\u015f Milletler taraf\u0131ndan tan\u0131mlanm\u0131\u015f uluslararas\u0131 bir g\u00fcnd\u00fcr. \u0130nsan haklar\u0131\ntemelinde kad\u0131nlar\u0131n siyasi ve sosyal bilincinin geli\u015ftirilmesine, ekonomik,\nsiyasi ve sosyal ba\u015far\u0131lar\u0131n\u0131n kutlanmas\u0131na ayr\u0131lmaktad\u0131r.<\/p>\n\n\n<div class=\"wp-block-image is-style-rounded\">\n<figure class=\"aligncenter size-full is-resized\"><img loading=\"lazy\" decoding=\"async\" width=\"612\" height=\"612\" src=\"https:\/\/blog.ecift.com\/wp-content\/uploads\/2012\/03\/0cb0fd20691511e1a87612313804ec91_7.jpg\" alt=\"\" class=\"wp-image-2804\" style=\"width:612px;height:auto\" srcset=\"https:\/\/blog.ecift.com\/wp-content\/uploads\/2012\/03\/0cb0fd20691511e1a87612313804ec91_7.jpg 612w, https:\/\/blog.ecift.com\/wp-content\/uploads\/2012\/03\/0cb0fd20691511e1a87612313804ec91_7-50x50.jpg 50w, https:\/\/blog.ecift.com\/wp-content\/uploads\/2012\/03\/0cb0fd20691511e1a87612313804ec91_7-300x300.jpg 300w\" sizes=\"auto, (max-width: 612px) 100vw, 612px\" \/><\/figure>\n<\/div>\n\n\n<p class=\"has-text-align-left\">8 Mart 1857 tarihinde ABD&#8217;nin New York kentinde 40.000 dokuma\ni\u015f\u00e7isi daha iyi \u00e7al\u0131\u015fma ko\u015fullar\u0131 istemiyle bir tekstil fabrikas\u0131nda greve\nba\u015flad\u0131. Polisin i\u015f\u00e7ilere sald\u0131rmas\u0131 ve i\u015f\u00e7ilerin fabrikaya kilitlenmesi,\narkas\u0131ndan da \u00e7\u0131kan yang\u0131nda i\u015f\u00e7ilerin fabrika \u00f6n\u00fcnde kurulan barikatlardan\nka\u00e7amamas\u0131 sonucunda 129 kad\u0131n i\u015f\u00e7i can verdi. \u0130\u015f\u00e7ilerin cenaze t\u00f6renine 10.000&#8217;i\na\u015fk\u0131n ki\u015fi kat\u0131ld\u0131.<\/p>\n\n\n\n<p class=\"has-text-align-left\">26 &#8211; 27 A\u011fustos 1910 tarihinde Danimarka&#8217;n\u0131n Kopenhag kentinde 2.\nEnternasyonale ba\u011fl\u0131 kad\u0131nlar toplant\u0131s\u0131nda (Uluslararas\u0131 Sosyalist Kad\u0131nlar\nKonferans\u0131) Almanya Sosyal Demokrat Partisi \u00f6nderlerinden Clara Zetkin, 8 Mart\n1857 tarihindeki tekstil fabrikas\u0131 yang\u0131n\u0131nda \u00f6len kad\u0131n i\u015f\u00e7iler an\u0131s\u0131na 8\nMart&#8217;\u0131n &#8220;Internationaler Frauentag&#8221; (International Women&#8217;s Day &#8211;\nD\u00fcnya Kad\u0131nlar G\u00fcn\u00fc) olarak an\u0131lmas\u0131 \u00f6nerisini getirdi ve \u00f6neri oybirli\u011fiyle\nkabul edildi.<\/p>\n\n\n\n<p class=\"has-text-align-left\">\u0130lk y\u0131llarda belli bir tarih saptanmam\u0131\u015ft\u0131 fakat her zaman ilkbaharda an\u0131l\u0131yordu. Tarihin 8 Mart olarak saptan\u0131\u015f\u0131 1921&#8217;de Moskova&#8217;da ger\u00e7ekle\u015ftirilen 3. Uluslararas\u0131 Kad\u0131nlar Konferans\u0131&#8217;nda (3. Enternasyonal Kom\u00fcnist Partiler Toplant\u0131s\u0131) ger\u00e7ekle\u015fti. Ad\u0131 da &#8220;D\u00fcnya Emek\u00e7i Kad\u0131nlar G\u00fcn\u00fc&#8221; olarak belirlendi. <\/p>\n\n\n\n<p class=\"has-text-align-left\">Birinci ve \u0130kinci D\u00fcnya Sava\u015f\u0131 y\u0131llar\u0131 aras\u0131nda baz\u0131 \u00fclkelerde an\u0131lmas\u0131 yasaklanan D\u00fcnya Kad\u0131nlar G\u00fcn\u00fc, 1960&#8217;l\u0131 y\u0131llar\u0131n sonunda Amerika Birle\u015fik Devletleri&#8217;nde de anmaya ba\u015flanmas\u0131yla daha g\u00fc\u00e7l\u00fc bir \u015fekilde g\u00fcndeme geldi. Birle\u015fmi\u015f Milletler Genel Kurulu, 16 Aral\u0131k 1977 tarihinde 8 Mart&#8217;\u0131n &#8220;D\u00fcnya Kad\u0131nlar G\u00fcn\u00fc&#8221; olarak an\u0131lmas\u0131n\u0131 kabul etti. <\/p>\n\n\n\n<p class=\"has-text-align-left\">Birle\u015fmi\u015f Milletler&#8217; in sitesinde g\u00fcn\u00fcn tarihine ili\u015fkin b\u00f6l\u00fcmde, kutlaman\u0131n New York&#8217;ta \u00f6len i\u015f\u00e7ilerin an\u0131s\u0131na yap\u0131ld\u0131\u011f\u0131 yaz\u0131lmam\u0131\u015ft\u0131r.<\/p>\n","protected":false},"excerpt":{"rendered":"<p>D\u00fcnya Kad\u0131nlar G\u00fcn\u00fc her y\u0131l\u00a08 Mart&#8216;ta kutlan\u0131yor. D\u00fcnya Kad\u0131nlar G\u00fcn\u00fc bu y\u0131l Cuma g\u00fcn\u00fcne denk geliyor. KADINLAR G\u00dcN\u00dc NEDEN KUTLANIR? KADINLAR G\u00dcN\u00dc TAR\u0130H\u0130 D\u00fcnya Kad\u0131nlar G\u00fcn\u00fc ya da D\u00fcnya Emek\u00e7i Kad\u0131nlar G\u00fcn\u00fc her y\u0131l 8 Mart&#8217;ta kutlanan ve Birle\u015fmi\u015f Milletler taraf\u0131ndan tan\u0131mlanm\u0131\u015f uluslararas\u0131 bir g\u00fcnd\u00fcr. \u0130nsan haklar\u0131 temelinde kad\u0131nlar\u0131n siyasi ve sosyal bilincinin geli\u015ftirilmesine, ekonomik, [&hellip;]<\/p>\n","protected":false},"author":2,"featured_media":12450,"comment_status":"closed","ping_status":"closed","sticky":false,"template":"","format":"standard","meta":{"footnotes":""},"categories":[2435,4,2277],"tags":[2476,2508,99,18,360],"class_list":["post-12447","post","type-post","status-publish","format-standard","has-post-thumbnail","hentry","category-ecift-arkadaslik-evlilik-anasayfa","category-kalp","category-yasam","tag-8-mart-dunya-kadinlar-gunu","tag-8mart","tag-kadin","tag-kadinlar","tag-kadinlar-gunu"],"aioseo_notices":[],"_links":{"self":[{"href":"https:\/\/blog.ecift.com\/index.php\/wp-json\/wp\/v2\/posts\/12447","targetHints":{"allow":["GET"]}}],"collection":[{"href":"https:\/\/blog.ecift.com\/index.php\/wp-json\/wp\/v2\/posts"}],"about":[{"href":"https:\/\/blog.ecift.com\/index.php\/wp-json\/wp\/v2\/types\/post"}],"author":[{"embeddable":true,"href":"https:\/\/blog.ecift.com\/index.php\/wp-json\/wp\/v2\/users\/2"}],"replies":[{"embeddable":true,"href":"https:\/\/blog.ecift.com\/index.php\/wp-json\/wp\/v2\/comments?post=12447"}],"version-history":[{"count":6,"href":"https:\/\/blog.ecift.com\/index.php\/wp-json\/wp\/v2\/posts\/12447\/revisions"}],"predecessor-version":[{"id":13975,"href":"https:\/\/blog.ecift.com\/index.php\/wp-json\/wp\/v2\/posts\/12447\/revisions\/13975"}],"wp:featuredmedia":[{"embeddable":true,"href":"https:\/\/blog.ecift.com\/index.php\/wp-json\/wp\/v2\/media\/12450"}],"wp:attachment":[{"href":"https:\/\/blog.ecift.com\/index.php\/wp-json\/wp\/v2\/media?parent=12447"}],"wp:term":[{"taxonomy":"category","embeddable":true,"href":"https:\/\/blog.ecift.com\/index.php\/wp-json\/wp\/v2\/categories?post=12447"},{"taxonomy":"post_tag","embeddable":true,"href":"https:\/\/blog.ecift.com\/index.php\/wp-json\/wp\/v2\/tags?post=12447"}],"curies":[{"name":"wp","href":"https:\/\/api.w.org\/{rel}","templated":true}]}}