{"id":11289,"date":"2021-03-04T19:25:18","date_gmt":"2021-03-04T16:25:18","guid":{"rendered":"https:\/\/blog.ecift.com\/?p=11289"},"modified":"2024-05-24T13:44:10","modified_gmt":"2024-05-24T10:44:10","slug":"8-mart-dunya-kadinlar-gunu-kutlu-olsun","status":"publish","type":"post","link":"https:\/\/blog.ecift.com\/index.php\/2021\/03\/04\/8-mart-dunya-kadinlar-gunu-kutlu-olsun\/","title":{"rendered":"8 Mart D\u00fcnya Kad\u0131nlar G\u00fcn\u00fc Kutlu Olsun!"},"content":{"rendered":"\n<p class=\"has-text-align-center\">   8 Mart 1908&#8230; <\/p>\n\n\n\n<p class=\"has-text-align-center\">   \u0130lk k\u0131v\u0131lc\u0131m Amerika Birle\u015fik Devletleri&#8217;nin New York kentinde at\u0131ld\u0131. 40.000 kad\u0131n i\u015f\u00e7inin daha uzun mesai s\u00fcreleri, y\u00fcksek maa\u015f ve daha iyi \u00e7al\u0131\u015fma \u015fartlar\u0131 i\u00e7in grev yapmaya karar verdiler. Grev s\u0131ras\u0131nda polisin, kad\u0131nlar\u0131 cezaland\u0131rmak i\u00e7in fabrikaya kilitleyip ate\u015fe vermesi sonucu 120 kad\u0131n i\u015f\u00e7i hayat\u0131n\u0131 kaybetti. Bu vahim olay ise b\u00fcy\u00fck bir tepkiye, akabinde d\u00fcnya genelinde kutlanan \u00f6zel bir g\u00fcne d\u00f6n\u00fc\u015ft\u00fc. <\/p>\n\n\n\n<p class=\"has-text-align-center\">     Uluslararas\u0131 ilk etkinlik 1911 y\u0131l\u0131nda yap\u0131lsa da, Birle\u015fmi\u015f Milletler 1975 y\u0131l\u0131nda D\u00fcnya Kad\u0131nlar G\u00fcn\u00fc&#8217;n\u00fc kabul etti. \u00dclkemizde 1921 y\u0131l\u0131nda kutlanmaya ba\u015flad\u0131. Ayr\u0131ca \u00fclkemiz kad\u0131nlara se\u00e7me ve se\u00e7ilme hakk\u0131n\u0131 veren ilk \u00fclkeler aras\u0131nda yer almaktad\u0131r.<\/p>\n\n\n\n<p class=\"has-text-align-center\">   Bu \u00f6zel g\u00fcnde, <a href=\"https:\/\/blog.ecift.com\/index.php\/2018\/06\/21\/kadin-evlendikten-sonra-calismali-mi\/\">kad\u0131nlar\u0131n<\/a> toplum i\u00e7indeki ba\u015far\u0131lar\u0131 kutlan\u0131yor. Ayr\u0131mc\u0131l\u0131k, \u015fiddet, sosyal e\u015fitsizlik, cinsiyet\u00e7ilik gibi konularda toplumun bilin\u00e7lenmesi ve daha ihtiyatl\u0131 davran\u0131lmas\u0131 y\u00f6n\u00fcnde \u00e7al\u0131\u015fmalar yap\u0131l\u0131yor. \u00d6zellikle bu son d\u00f6nemde artan <a href=\"https:\/\/blog.ecift.com\/index.php\/2018\/12\/04\/kadinlar-sevilmek-istiyor\/\">kad\u0131na<\/a> \u015fiddet olaylar\u0131 maalesef derinden \u00fczmektedir.<a href=\"http:\/\/www.ecift.com\"> e\u00c7ift<\/a> olarak bu t\u00fcr vahim olaylar\u0131n her zaman kar\u015f\u0131s\u0131nday\u0131z.<\/p>\n\n\n\n<p class=\"has-text-align-center\">   8 Mart D\u00fcnya Kad\u0131nlar G\u00fcn\u00fc s\u00f6z konusu olunca, \u00fclkemizin g\u00fc\u00e7l\u00fc kad\u0131nlar\u0131na da yer vermeden ge\u00e7emezdik. Onlar\u0131n bize a\u00e7m\u0131\u015f oldu\u011fu bu ulvi yolda her ge\u00e7en g\u00fcn kendimizden daha emin ad\u0131mlarla ilerlemekteyiz.  <\/p>\n\n\n\n<p class=\"has-text-align-center\">   Mustafa Kemal Atat\u00fcrk&#8217;\u00fcn biricik e\u015fi Latife Han\u0131m. T\u00fcrk kad\u0131n\u0131n siyasi alanda varl\u0131k g\u00f6stermesi gerekti\u011fini bizlere g\u00f6stermi\u015f ilk kad\u0131nd\u0131r. Milli M\u00fccadele y\u0131llar\u0131 sonras\u0131, kad\u0131n haklar\u0131 i\u00e7inde bir dizi yasaya ihtiya\u00e7 vard\u0131. Latife Han\u0131m bu konuda her zaman kad\u0131nlar\u0131n da ayn\u0131 haklara sahip olmas\u0131 gerekti\u011fini savunmu\u015ftur. <\/p>\n\n\n\n<p class=\"has-text-align-center\">T\u00fcrkiye&#8217;nin ilk <a href=\"https:\/\/blog.ecift.com\/index.php\/2020\/06\/19\/kadinlar-ne-soyler-erkekler-ne-anlar\/\">kad\u0131n<\/a> sava\u015f pilotu ve Atat\u00fcrk&#8217;\u00fcn manevi k\u0131z\u0131 Sabiha G\u00f6k\u00e7en. Muazzez \u0130lmiye \u00c7\u0131\u011f, ilk T\u00fcrk<a href=\"https:\/\/blog.ecift.com\/index.php\/2018\/06\/21\/kadin-evlendikten-sonra-calismali-mi\/\"> kad\u0131n<\/a> S\u00fcmerolog olarak tarihe ge\u00e7mi\u015ftir. T\u00fcrkiye&#8217;nin ilk halkala ili\u015fkiler ve bas\u0131n uzman\u0131 Bet\u00fcl Mardin. T\u00fcrkiye\u2019nin ilk kad\u0131n sava\u015f foto\u011fraf\u00e7\u0131s\u0131 Semihe Es.  <br>T\u00fcrkiye\u2019nin ilk ehliyetli <a href=\"https:\/\/blog.ecift.com\/index.php\/2020\/09\/21\/iliskide-kadin-erkek-dinamiklerine-ne-kadar-hakimsin\/\">kad\u0131n<\/a> s\u00fcr\u00fcc\u00fcs\u00fc ve otomobil yar\u0131\u015fmac\u0131s\u0131 Samiye Cahid Morkaya. T\u00fcrkiye&#8217;nin ilk kad\u0131n kimyac\u0131s\u0131 Remziye Hisar. T\u00fcrk tiyatrosunun ilk kad\u0131n oyuncusu Afife Jale. T\u00fcrkiye&#8217;nin \u00f6nc\u00fc kad\u0131n mimar\u0131 Mualla Ey\u00fcpo\u011flu. T\u00fcrkiye&#8217;nin uluslararas\u0131 alanda tan\u0131nm\u0131\u015f ilk <a href=\"https:\/\/blog.ecift.com\/index.php\/2015\/12\/02\/kadinlar-bay-dogruyu-neden-internette-ariyorlar\/\">kad\u0131n<\/a> sanat\u00e7\u0131s\u0131 Semihe Berksoy. <\/p>\n\n\n\n<p class=\"has-text-align-center\">   <a href=\"http:\/\/www.ecift.com\">e\u00c7ift <\/a>11 y\u0131ld\u0131r her zaman <a href=\"https:\/\/blog.ecift.com\/index.php\/2020\/10\/05\/hangi-mitolojik-karaktersin-kadinlar-icin\/\">kad\u0131nlar\u0131m\u0131z\u0131n<\/a> yan\u0131nda oldu. Rakip sitelere g\u00f6re b\u00fcnyesinde daha fazla <a href=\"https:\/\/blog.ecift.com\/index.php\/2020\/10\/19\/hangi-tip-kadindan-hoslaniyorsun\/\">kad\u0131n<\/a> \u00fcye bulunduran bir platform olman\u0131n hakl\u0131 gururunu ya\u015f\u0131yoruz. <a href=\"https:\/\/www.ecift.com\/editorial\/ecift-nedir\/basari-hikayeleri.html\">Ba\u015far\u0131 hikayelerimize<\/a> mutlaka g\u00f6z atmal\u0131s\u0131n\u0131z. E\u011fer a\u015fk\u0131 bulamayaca\u011f\u0131n\u0131za dair endi\u015feniz var ise hikayelerimiz size g\u00fc\u00e7 verecektir.  <a href=\"https:\/\/blog.ecift.com\/index.php\/2021\/02\/17\/aski-ararken-hangi-asamada-hata-yapiyorsun\/\">A\u015fk\u0131<\/a> arama, ciddi arkada\u015fl\u0131k ve <a href=\"https:\/\/blog.ecift.com\/index.php\/2021\/01\/29\/evlilik-hakkinda-ne-dusunuyorsunuz\/\">evlilik<\/a> gibi \u00f6nemli konularda <a href=\"http:\/\/www.ecift.de\">e\u00c7ift&#8217;<\/a>e g\u00fcvendi\u011finiz i\u00e7in te\u015fekk\u00fcr ederiz.<\/p>\n\n\n\n<blockquote class=\"wp-block-quote has-text-align-center is-style-large is-layout-flow wp-block-quote-is-layout-flow\"><p>   8 Mart D\u00fcnya Kad\u0131nlar G\u00fcn\u00fc&#8217;n\u00fcz Kutlu Olsun!<\/p><\/blockquote>\n\n\n\n<p>   <\/p>\n","protected":false},"excerpt":{"rendered":"<p>8 Mart 1908&#8230; \u0130lk k\u0131v\u0131lc\u0131m Amerika Birle\u015fik Devletleri&#8217;nin New York kentinde at\u0131ld\u0131. 40.000 kad\u0131n i\u015f\u00e7inin daha uzun mesai s\u00fcreleri, y\u00fcksek maa\u015f ve daha iyi \u00e7al\u0131\u015fma \u015fartlar\u0131 i\u00e7in grev yapmaya karar verdiler. Grev s\u0131ras\u0131nda polisin, kad\u0131nlar\u0131 cezaland\u0131rmak i\u00e7in fabrikaya kilitleyip ate\u015fe vermesi sonucu 120 kad\u0131n i\u015f\u00e7i hayat\u0131n\u0131 kaybetti. Bu vahim olay ise b\u00fcy\u00fck bir tepkiye, akabinde [&hellip;]<\/p>\n","protected":false},"author":2,"featured_media":11290,"comment_status":"closed","ping_status":"closed","sticky":false,"template":"","format":"standard","meta":{"footnotes":""},"categories":[1,2435,2277],"tags":[2476,22,2447,193,517,99,2444],"class_list":["post-11289","post","type-post","status-publish","format-standard","has-post-thumbnail","hentry","category-ask","category-ecift-arkadaslik-evlilik-anasayfa","category-yasam","tag-8-mart-dunya-kadinlar-gunu","tag-ask","tag-ciddi-arkadaslik","tag-ecift","tag-evlilik","tag-kadin","tag-uygun-tanisma"],"aioseo_notices":[],"_links":{"self":[{"href":"https:\/\/blog.ecift.com\/index.php\/wp-json\/wp\/v2\/posts\/11289","targetHints":{"allow":["GET"]}}],"collection":[{"href":"https:\/\/blog.ecift.com\/index.php\/wp-json\/wp\/v2\/posts"}],"about":[{"href":"https:\/\/blog.ecift.com\/index.php\/wp-json\/wp\/v2\/types\/post"}],"author":[{"embeddable":true,"href":"https:\/\/blog.ecift.com\/index.php\/wp-json\/wp\/v2\/users\/2"}],"replies":[{"embeddable":true,"href":"https:\/\/blog.ecift.com\/index.php\/wp-json\/wp\/v2\/comments?post=11289"}],"version-history":[{"count":5,"href":"https:\/\/blog.ecift.com\/index.php\/wp-json\/wp\/v2\/posts\/11289\/revisions"}],"predecessor-version":[{"id":13189,"href":"https:\/\/blog.ecift.com\/index.php\/wp-json\/wp\/v2\/posts\/11289\/revisions\/13189"}],"wp:featuredmedia":[{"embeddable":true,"href":"https:\/\/blog.ecift.com\/index.php\/wp-json\/wp\/v2\/media\/11290"}],"wp:attachment":[{"href":"https:\/\/blog.ecift.com\/index.php\/wp-json\/wp\/v2\/media?parent=11289"}],"wp:term":[{"taxonomy":"category","embeddable":true,"href":"https:\/\/blog.ecift.com\/index.php\/wp-json\/wp\/v2\/categories?post=11289"},{"taxonomy":"post_tag","embeddable":true,"href":"https:\/\/blog.ecift.com\/index.php\/wp-json\/wp\/v2\/tags?post=11289"}],"curies":[{"name":"wp","href":"https:\/\/api.w.org\/{rel}","templated":true}]}}